{"id":11293,"date":"2019-12-13T15:48:02","date_gmt":"2019-12-13T14:48:02","guid":{"rendered":"https:\/\/miramare.cultura.gov.it\/da-c-marochetti-1805-1867-la-regina-vittoria-dinghilterra-porcellana-paria-1862\/"},"modified":"2023-03-01T15:08:20","modified_gmt":"2023-03-01T14:08:20","slug":"nach-c-marochetti-1805-1867-koenigin-victoria-von-england-biskuitporzellan-1862","status":"publish","type":"post","link":"https:\/\/miramare.cultura.gov.it\/de\/nach-c-marochetti-1805-1867-koenigin-victoria-von-england-biskuitporzellan-1862\/","title":{"rendered":"NACH C. MAROCHETTI (1805-1867), K\u00d6NIGIN VICTORIA VON ENGLAND, BISKUITPORZELLAN, 1862"},"content":{"rendered":"\r\n<p>Standort: Saal VI &#8211; Speisesaal<\/p>\r\n<p><\/p>\r\n<p>&nbsp;<\/p>\r\n<p>&nbsp;<\/p>\r\n<p><\/p>\r\n<figure class=\"wp-block-image\"><img decoding=\"async\" class=\"wp-image-19564\" src=\"https:\/\/miramare.cultura.gov.it\/wp-content\/uploads\/2019\/12\/39_01-683x1024.jpg\" alt=\"\" \/><\/figure>\r\n<p><\/p>\r\n<p>Die B\u00fcste zeigt die K\u00f6nigin Victoria von Gro\u00dfbritannien und Irland (1819-1901), deren Haupt als symbolischer Ersatz der Krone mit einer Lorbeergirlande geschm\u00fcckt ist, in die auch Rosen und Eichenbl\u00e4tter eingeflochten sind. Es handelt sich um ein elegantes, fein geschliffenes Portr\u00e4t aus Biskuitporzellan, das den ber\u00fchmten griechischen Paros-Marmor nachahmt. Das Abbild Victorias wurde von einem ihrer bevorzugten K\u00fcnstler geschaffen, dem Italiener Carlo Marochetti (1805-1867). \r\n\r\nEr eroberte die Gunst der K\u00f6nigin mit einem Gem\u00e4lde, das den Prinzgemahl Albert darstellte. Victoria sa\u00df dem Maler 1854 mehrmals Portr\u00e4t, woraufhin sich eine enge Vertrautheit zwischen den beiden entwickelte. In der Folge entstand eine besonders sorgf\u00e4ltig ausgearbeitete Marmorb\u00fcste, die 1856 in der Royal Academy in London und heute im Buckingham Palace zu sehen ist. Das Werk erlangte daraufhin durch verschiedene Nachbildungen Ber\u00fchmtheit, wie dieses von der renommierten englischen Porzellanmanufaktur Minton &#038; Co. angefertigte Exemplar aus Biskuitporzellan. Der Prototyp wurde 1862 bei der Internationalen Ausstellung in London pr\u00e4sentiert. Die B\u00fcste wird normalerweise in der Vitrine auf der linken Seite der T\u00fcr zum Saal VII aufbewahrt, war jedoch anl\u00e4sslich der Ausstellung \u201eFocus on\u201c vom 16. Dezember 2019 bis 1. M\u00e4rz 2020 ausnahmsweise in den Gem\u00e4chern des Erzherzogs von Aosta zu sehen.<\/p>\r\n<p><!-- \/wp:post-content --><\/p>","protected":false},"excerpt":{"rendered":"<p>Standort: Saal VI &#8211; Speisesaal &nbsp; &nbsp; Die B\u00fcste zeigt die K\u00f6nigin Victoria von Gro\u00dfbritannien und Irland (1819-1901), deren Haupt als symbolischer Ersatz der Krone mit einer Lorbeergirlande geschm\u00fcckt ist, in die auch Rosen und Eichenbl\u00e4tter eingeflochten sind. Es handelt sich um ein elegantes, fein geschliffenes Portr\u00e4t aus Biskuitporzellan, das den ber\u00fchmten griechischen Paros-Marmor nachahmt. [&hellip;]<\/p>\n","protected":false},"author":1,"featured_media":11289,"comment_status":"closed","ping_status":"closed","sticky":false,"template":"","format":"standard","meta":{"_et_pb_use_builder":"","_et_pb_old_content":"","_et_gb_content_width":"","footnotes":""},"categories":[98],"tags":[],"class_list":["post-11293","post","type-post","status-publish","format-standard","has-post-thumbnail","hentry","category-sammlung"],"yoast_head":"<!-- This site is optimized with the Yoast SEO plugin v27.5 - https:\/\/yoast.com\/product\/yoast-seo-wordpress\/ -->\n<title>NACH C. MAROCHETTI (1805-1867), K\u00d6NIGIN VICTORIA VON ENGLAND, BISKUITPORZELLAN, 1862 | Museo Storico e Il Parco del Castello di Miramare<\/title>\n<meta name=\"description\" content=\"NACH C. MAROCHETTI (1805-1867), K\u00d6NIGIN VICTORIA VON ENGLAND, BISKUITPORZELLAN, 1862 | Museo Storico e Il Parco del Castello di Miramare | Un luogo nobile e romatico tra arte, natura e bellezza. | Standort: Saal VI - Speisesaal &nbsp; &nbsp; Die B\u00fcste zeigt die K\u00f6nigin Victoria von Gro\u00dfbritannien und Irland (1819-1901), deren Haupt als symbolischer\" \/>\n<meta name=\"robots\" content=\"index, follow, max-snippet:-1, max-image-preview:large, max-video-preview:-1\" \/>\n<link rel=\"canonical\" href=\"https:\/\/miramare.cultura.gov.it\/de\/nach-c-marochetti-1805-1867-koenigin-victoria-von-england-biskuitporzellan-1862\/\" \/>\n<meta property=\"og:locale\" content=\"de_DE\" \/>\n<meta property=\"og:type\" content=\"article\" \/>\n<meta property=\"og:title\" content=\"NACH C. MAROCHETTI (1805-1867), K\u00d6NIGIN VICTORIA VON ENGLAND, BISKUITPORZELLAN, 1862 | Museo Storico e Il Parco del Castello di Miramare\" \/>\n<meta property=\"og:description\" content=\"NACH C. MAROCHETTI (1805-1867), K\u00d6NIGIN VICTORIA VON ENGLAND, BISKUITPORZELLAN, 1862 | Museo Storico e Il Parco del Castello di Miramare | Un luogo nobile e romatico tra arte, natura e bellezza. | Standort: Saal VI - Speisesaal &nbsp; &nbsp; Die B\u00fcste zeigt die K\u00f6nigin Victoria von Gro\u00dfbritannien und Irland (1819-1901), deren Haupt als symbolischer\" \/>\n<meta property=\"og:url\" content=\"https:\/\/miramare.cultura.gov.it\/de\/nach-c-marochetti-1805-1867-koenigin-victoria-von-england-biskuitporzellan-1862\/\" \/>\n<meta property=\"og:site_name\" content=\"Museo Storico e Il Parco del Castello di Miramare\" \/>\n<meta property=\"article:published_time\" content=\"2019-12-13T14:48:02+00:00\" \/>\n<meta property=\"article:modified_time\" content=\"2023-03-01T14:08:20+00:00\" \/>\n<meta property=\"og:image\" content=\"https:\/\/miramare.cultura.gov.it\/wp-content\/uploads\/2022\/10\/Opera-Focus-n.-2_Vittoria-busto-fronte-860x575-1.jpg\" \/>\n\t<meta property=\"og:image:width\" content=\"860\" \/>\n\t<meta property=\"og:image:height\" content=\"575\" \/>\n\t<meta property=\"og:image:type\" content=\"image\/jpeg\" \/>\n<meta name=\"author\" content=\"Amministratore Nethics\" \/>\n<meta name=\"twitter:card\" content=\"summary_large_image\" \/>\n<meta name=\"twitter:label1\" content=\"Verfasst von\" \/>\n\t<meta name=\"twitter:data1\" content=\"Amministratore Nethics\" \/>\n\t<meta name=\"twitter:label2\" content=\"Gesch\u00e4tzte Lesezeit\" \/>\n\t<meta name=\"twitter:data2\" content=\"2\u00a0Minuten\" \/>\n<script type=\"application\/ld+json\" class=\"yoast-schema-graph\">{\"@context\":\"https:\\\/\\\/schema.org\",\"@graph\":[{\"@type\":\"Article\",\"@id\":\"https:\\\/\\\/miramare.cultura.gov.it\\\/de\\\/nach-c-marochetti-1805-1867-koenigin-victoria-von-england-biskuitporzellan-1862\\\/#article\",\"isPartOf\":{\"@id\":\"https:\\\/\\\/miramare.cultura.gov.it\\\/de\\\/nach-c-marochetti-1805-1867-koenigin-victoria-von-england-biskuitporzellan-1862\\\/\"},\"author\":{\"name\":\"Amministratore Nethics\",\"@id\":\"https:\\\/\\\/miramare.cultura.gov.it\\\/#\\\/schema\\\/person\\\/33d951967b8397a9d6cf883dc441b332\"},\"headline\":\"NACH C. MAROCHETTI (1805-1867), K\u00d6NIGIN VICTORIA VON ENGLAND, BISKUITPORZELLAN, 1862\",\"datePublished\":\"2019-12-13T14:48:02+00:00\",\"dateModified\":\"2023-03-01T14:08:20+00:00\",\"mainEntityOfPage\":{\"@id\":\"https:\\\/\\\/miramare.cultura.gov.it\\\/de\\\/nach-c-marochetti-1805-1867-koenigin-victoria-von-england-biskuitporzellan-1862\\\/\"},\"wordCount\":222,\"image\":{\"@id\":\"https:\\\/\\\/miramare.cultura.gov.it\\\/de\\\/nach-c-marochetti-1805-1867-koenigin-victoria-von-england-biskuitporzellan-1862\\\/#primaryimage\"},\"thumbnailUrl\":\"https:\\\/\\\/miramare.cultura.gov.it\\\/wp-content\\\/uploads\\\/2022\\\/10\\\/Opera-Focus-n.-2_Vittoria-busto-fronte-860x575-1.jpg\",\"articleSection\":[\"Sammlung\"],\"inLanguage\":\"de\"},{\"@type\":\"WebPage\",\"@id\":\"https:\\\/\\\/miramare.cultura.gov.it\\\/de\\\/nach-c-marochetti-1805-1867-koenigin-victoria-von-england-biskuitporzellan-1862\\\/\",\"url\":\"https:\\\/\\\/miramare.cultura.gov.it\\\/de\\\/nach-c-marochetti-1805-1867-koenigin-victoria-von-england-biskuitporzellan-1862\\\/\",\"name\":\"NACH C. MAROCHETTI (1805-1867), K\u00d6NIGIN VICTORIA VON ENGLAND, BISKUITPORZELLAN, 1862 | Museo Storico e Il Parco del Castello di Miramare\",\"isPartOf\":{\"@id\":\"https:\\\/\\\/miramare.cultura.gov.it\\\/#website\"},\"primaryImageOfPage\":{\"@id\":\"https:\\\/\\\/miramare.cultura.gov.it\\\/de\\\/nach-c-marochetti-1805-1867-koenigin-victoria-von-england-biskuitporzellan-1862\\\/#primaryimage\"},\"image\":{\"@id\":\"https:\\\/\\\/miramare.cultura.gov.it\\\/de\\\/nach-c-marochetti-1805-1867-koenigin-victoria-von-england-biskuitporzellan-1862\\\/#primaryimage\"},\"thumbnailUrl\":\"https:\\\/\\\/miramare.cultura.gov.it\\\/wp-content\\\/uploads\\\/2022\\\/10\\\/Opera-Focus-n.-2_Vittoria-busto-fronte-860x575-1.jpg\",\"datePublished\":\"2019-12-13T14:48:02+00:00\",\"dateModified\":\"2023-03-01T14:08:20+00:00\",\"author\":{\"@id\":\"https:\\\/\\\/miramare.cultura.gov.it\\\/#\\\/schema\\\/person\\\/33d951967b8397a9d6cf883dc441b332\"},\"description\":\"NACH C. MAROCHETTI (1805-1867), K\u00d6NIGIN VICTORIA VON ENGLAND, BISKUITPORZELLAN, 1862 | Museo Storico e Il Parco del Castello di Miramare | Un luogo nobile e romatico tra arte, natura e bellezza. | Standort: Saal VI - Speisesaal &nbsp; &nbsp; Die B\u00fcste zeigt die K\u00f6nigin Victoria von Gro\u00dfbritannien und Irland (1819-1901), deren Haupt als symbolischer\",\"breadcrumb\":{\"@id\":\"https:\\\/\\\/miramare.cultura.gov.it\\\/de\\\/nach-c-marochetti-1805-1867-koenigin-victoria-von-england-biskuitporzellan-1862\\\/#breadcrumb\"},\"inLanguage\":\"de\",\"potentialAction\":[{\"@type\":\"ReadAction\",\"target\":[\"https:\\\/\\\/miramare.cultura.gov.it\\\/de\\\/nach-c-marochetti-1805-1867-koenigin-victoria-von-england-biskuitporzellan-1862\\\/\"]}]},{\"@type\":\"ImageObject\",\"inLanguage\":\"de\",\"@id\":\"https:\\\/\\\/miramare.cultura.gov.it\\\/de\\\/nach-c-marochetti-1805-1867-koenigin-victoria-von-england-biskuitporzellan-1862\\\/#primaryimage\",\"url\":\"https:\\\/\\\/miramare.cultura.gov.it\\\/wp-content\\\/uploads\\\/2022\\\/10\\\/Opera-Focus-n.-2_Vittoria-busto-fronte-860x575-1.jpg\",\"contentUrl\":\"https:\\\/\\\/miramare.cultura.gov.it\\\/wp-content\\\/uploads\\\/2022\\\/10\\\/Opera-Focus-n.-2_Vittoria-busto-fronte-860x575-1.jpg\",\"width\":860,\"height\":575},{\"@type\":\"BreadcrumbList\",\"@id\":\"https:\\\/\\\/miramare.cultura.gov.it\\\/de\\\/nach-c-marochetti-1805-1867-koenigin-victoria-von-england-biskuitporzellan-1862\\\/#breadcrumb\",\"itemListElement\":[{\"@type\":\"ListItem\",\"position\":1,\"name\":\"Home\",\"item\":\"https:\\\/\\\/miramare.cultura.gov.it\\\/de\\\/\"},{\"@type\":\"ListItem\",\"position\":2,\"name\":\"NACH C. MAROCHETTI (1805-1867), K\u00d6NIGIN VICTORIA VON ENGLAND, BISKUITPORZELLAN, 1862\"}]},{\"@type\":\"WebSite\",\"@id\":\"https:\\\/\\\/miramare.cultura.gov.it\\\/#website\",\"url\":\"https:\\\/\\\/miramare.cultura.gov.it\\\/\",\"name\":\"Museo Storico e Il Parco del Castello di Miramare\",\"description\":\"Un luogo nobile e romatico tra arte, natura e bellezza.\",\"potentialAction\":[{\"@type\":\"SearchAction\",\"target\":{\"@type\":\"EntryPoint\",\"urlTemplate\":\"https:\\\/\\\/miramare.cultura.gov.it\\\/?s={search_term_string}\"},\"query-input\":{\"@type\":\"PropertyValueSpecification\",\"valueRequired\":true,\"valueName\":\"search_term_string\"}}],\"inLanguage\":\"de\"},{\"@type\":\"Person\",\"@id\":\"https:\\\/\\\/miramare.cultura.gov.it\\\/#\\\/schema\\\/person\\\/33d951967b8397a9d6cf883dc441b332\",\"name\":\"Amministratore Nethics\",\"image\":{\"@type\":\"ImageObject\",\"inLanguage\":\"de\",\"@id\":\"https:\\\/\\\/secure.gravatar.com\\\/avatar\\\/1193094f9692945935139e2fd8f07407468bb11639ae82b599eb810e25e9b106?s=96&d=mm&r=g\",\"url\":\"https:\\\/\\\/secure.gravatar.com\\\/avatar\\\/1193094f9692945935139e2fd8f07407468bb11639ae82b599eb810e25e9b106?s=96&d=mm&r=g\",\"contentUrl\":\"https:\\\/\\\/secure.gravatar.com\\\/avatar\\\/1193094f9692945935139e2fd8f07407468bb11639ae82b599eb810e25e9b106?s=96&d=mm&r=g\",\"caption\":\"Amministratore Nethics\"}}]}<\/script>\n<!-- \/ Yoast SEO plugin. -->","yoast_head_json":{"title":"NACH C. MAROCHETTI (1805-1867), K\u00d6NIGIN VICTORIA VON ENGLAND, BISKUITPORZELLAN, 1862 | Museo Storico e Il Parco del Castello di Miramare","description":"NACH C. MAROCHETTI (1805-1867), K\u00d6NIGIN VICTORIA VON ENGLAND, BISKUITPORZELLAN, 1862 | Museo Storico e Il Parco del Castello di Miramare | Un luogo nobile e romatico tra arte, natura e bellezza. | Standort: Saal VI - Speisesaal &nbsp; &nbsp; Die B\u00fcste zeigt die K\u00f6nigin Victoria von Gro\u00dfbritannien und Irland (1819-1901), deren Haupt als symbolischer","robots":{"index":"index","follow":"follow","max-snippet":"max-snippet:-1","max-image-preview":"max-image-preview:large","max-video-preview":"max-video-preview:-1"},"canonical":"https:\/\/miramare.cultura.gov.it\/de\/nach-c-marochetti-1805-1867-koenigin-victoria-von-england-biskuitporzellan-1862\/","og_locale":"de_DE","og_type":"article","og_title":"NACH C. MAROCHETTI (1805-1867), K\u00d6NIGIN VICTORIA VON ENGLAND, BISKUITPORZELLAN, 1862 | Museo Storico e Il Parco del Castello di Miramare","og_description":"NACH C. MAROCHETTI (1805-1867), K\u00d6NIGIN VICTORIA VON ENGLAND, BISKUITPORZELLAN, 1862 | Museo Storico e Il Parco del Castello di Miramare | Un luogo nobile e romatico tra arte, natura e bellezza. | Standort: Saal VI - Speisesaal &nbsp; &nbsp; Die B\u00fcste zeigt die K\u00f6nigin Victoria von Gro\u00dfbritannien und Irland (1819-1901), deren Haupt als symbolischer","og_url":"https:\/\/miramare.cultura.gov.it\/de\/nach-c-marochetti-1805-1867-koenigin-victoria-von-england-biskuitporzellan-1862\/","og_site_name":"Museo Storico e Il Parco del Castello di Miramare","article_published_time":"2019-12-13T14:48:02+00:00","article_modified_time":"2023-03-01T14:08:20+00:00","og_image":[{"width":860,"height":575,"url":"https:\/\/miramare.cultura.gov.it\/wp-content\/uploads\/2022\/10\/Opera-Focus-n.-2_Vittoria-busto-fronte-860x575-1.jpg","type":"image\/jpeg"}],"author":"Amministratore Nethics","twitter_card":"summary_large_image","twitter_misc":{"Verfasst von":"Amministratore Nethics","Gesch\u00e4tzte Lesezeit":"2\u00a0Minuten"},"schema":{"@context":"https:\/\/schema.org","@graph":[{"@type":"Article","@id":"https:\/\/miramare.cultura.gov.it\/de\/nach-c-marochetti-1805-1867-koenigin-victoria-von-england-biskuitporzellan-1862\/#article","isPartOf":{"@id":"https:\/\/miramare.cultura.gov.it\/de\/nach-c-marochetti-1805-1867-koenigin-victoria-von-england-biskuitporzellan-1862\/"},"author":{"name":"Amministratore Nethics","@id":"https:\/\/miramare.cultura.gov.it\/#\/schema\/person\/33d951967b8397a9d6cf883dc441b332"},"headline":"NACH C. MAROCHETTI (1805-1867), K\u00d6NIGIN VICTORIA VON ENGLAND, BISKUITPORZELLAN, 1862","datePublished":"2019-12-13T14:48:02+00:00","dateModified":"2023-03-01T14:08:20+00:00","mainEntityOfPage":{"@id":"https:\/\/miramare.cultura.gov.it\/de\/nach-c-marochetti-1805-1867-koenigin-victoria-von-england-biskuitporzellan-1862\/"},"wordCount":222,"image":{"@id":"https:\/\/miramare.cultura.gov.it\/de\/nach-c-marochetti-1805-1867-koenigin-victoria-von-england-biskuitporzellan-1862\/#primaryimage"},"thumbnailUrl":"https:\/\/miramare.cultura.gov.it\/wp-content\/uploads\/2022\/10\/Opera-Focus-n.-2_Vittoria-busto-fronte-860x575-1.jpg","articleSection":["Sammlung"],"inLanguage":"de"},{"@type":"WebPage","@id":"https:\/\/miramare.cultura.gov.it\/de\/nach-c-marochetti-1805-1867-koenigin-victoria-von-england-biskuitporzellan-1862\/","url":"https:\/\/miramare.cultura.gov.it\/de\/nach-c-marochetti-1805-1867-koenigin-victoria-von-england-biskuitporzellan-1862\/","name":"NACH C. MAROCHETTI (1805-1867), K\u00d6NIGIN VICTORIA VON ENGLAND, BISKUITPORZELLAN, 1862 | Museo Storico e Il Parco del Castello di Miramare","isPartOf":{"@id":"https:\/\/miramare.cultura.gov.it\/#website"},"primaryImageOfPage":{"@id":"https:\/\/miramare.cultura.gov.it\/de\/nach-c-marochetti-1805-1867-koenigin-victoria-von-england-biskuitporzellan-1862\/#primaryimage"},"image":{"@id":"https:\/\/miramare.cultura.gov.it\/de\/nach-c-marochetti-1805-1867-koenigin-victoria-von-england-biskuitporzellan-1862\/#primaryimage"},"thumbnailUrl":"https:\/\/miramare.cultura.gov.it\/wp-content\/uploads\/2022\/10\/Opera-Focus-n.-2_Vittoria-busto-fronte-860x575-1.jpg","datePublished":"2019-12-13T14:48:02+00:00","dateModified":"2023-03-01T14:08:20+00:00","author":{"@id":"https:\/\/miramare.cultura.gov.it\/#\/schema\/person\/33d951967b8397a9d6cf883dc441b332"},"description":"NACH C. MAROCHETTI (1805-1867), K\u00d6NIGIN VICTORIA VON ENGLAND, BISKUITPORZELLAN, 1862 | Museo Storico e Il Parco del Castello di Miramare | Un luogo nobile e romatico tra arte, natura e bellezza. | Standort: Saal VI - Speisesaal &nbsp; &nbsp; Die B\u00fcste zeigt die K\u00f6nigin Victoria von Gro\u00dfbritannien und Irland (1819-1901), deren Haupt als symbolischer","breadcrumb":{"@id":"https:\/\/miramare.cultura.gov.it\/de\/nach-c-marochetti-1805-1867-koenigin-victoria-von-england-biskuitporzellan-1862\/#breadcrumb"},"inLanguage":"de","potentialAction":[{"@type":"ReadAction","target":["https:\/\/miramare.cultura.gov.it\/de\/nach-c-marochetti-1805-1867-koenigin-victoria-von-england-biskuitporzellan-1862\/"]}]},{"@type":"ImageObject","inLanguage":"de","@id":"https:\/\/miramare.cultura.gov.it\/de\/nach-c-marochetti-1805-1867-koenigin-victoria-von-england-biskuitporzellan-1862\/#primaryimage","url":"https:\/\/miramare.cultura.gov.it\/wp-content\/uploads\/2022\/10\/Opera-Focus-n.-2_Vittoria-busto-fronte-860x575-1.jpg","contentUrl":"https:\/\/miramare.cultura.gov.it\/wp-content\/uploads\/2022\/10\/Opera-Focus-n.-2_Vittoria-busto-fronte-860x575-1.jpg","width":860,"height":575},{"@type":"BreadcrumbList","@id":"https:\/\/miramare.cultura.gov.it\/de\/nach-c-marochetti-1805-1867-koenigin-victoria-von-england-biskuitporzellan-1862\/#breadcrumb","itemListElement":[{"@type":"ListItem","position":1,"name":"Home","item":"https:\/\/miramare.cultura.gov.it\/de\/"},{"@type":"ListItem","position":2,"name":"NACH C. MAROCHETTI (1805-1867), K\u00d6NIGIN VICTORIA VON ENGLAND, BISKUITPORZELLAN, 1862"}]},{"@type":"WebSite","@id":"https:\/\/miramare.cultura.gov.it\/#website","url":"https:\/\/miramare.cultura.gov.it\/","name":"Museo Storico e Il Parco del Castello di Miramare","description":"Un luogo nobile e romatico tra arte, natura e bellezza.","potentialAction":[{"@type":"SearchAction","target":{"@type":"EntryPoint","urlTemplate":"https:\/\/miramare.cultura.gov.it\/?s={search_term_string}"},"query-input":{"@type":"PropertyValueSpecification","valueRequired":true,"valueName":"search_term_string"}}],"inLanguage":"de"},{"@type":"Person","@id":"https:\/\/miramare.cultura.gov.it\/#\/schema\/person\/33d951967b8397a9d6cf883dc441b332","name":"Amministratore Nethics","image":{"@type":"ImageObject","inLanguage":"de","@id":"https:\/\/secure.gravatar.com\/avatar\/1193094f9692945935139e2fd8f07407468bb11639ae82b599eb810e25e9b106?s=96&d=mm&r=g","url":"https:\/\/secure.gravatar.com\/avatar\/1193094f9692945935139e2fd8f07407468bb11639ae82b599eb810e25e9b106?s=96&d=mm&r=g","contentUrl":"https:\/\/secure.gravatar.com\/avatar\/1193094f9692945935139e2fd8f07407468bb11639ae82b599eb810e25e9b106?s=96&d=mm&r=g","caption":"Amministratore Nethics"}}]}},"_links":{"self":[{"href":"https:\/\/miramare.cultura.gov.it\/de\/wp-json\/wp\/v2\/posts\/11293","targetHints":{"allow":["GET"]}}],"collection":[{"href":"https:\/\/miramare.cultura.gov.it\/de\/wp-json\/wp\/v2\/posts"}],"about":[{"href":"https:\/\/miramare.cultura.gov.it\/de\/wp-json\/wp\/v2\/types\/post"}],"author":[{"embeddable":true,"href":"https:\/\/miramare.cultura.gov.it\/de\/wp-json\/wp\/v2\/users\/1"}],"replies":[{"embeddable":true,"href":"https:\/\/miramare.cultura.gov.it\/de\/wp-json\/wp\/v2\/comments?post=11293"}],"version-history":[{"count":3,"href":"https:\/\/miramare.cultura.gov.it\/de\/wp-json\/wp\/v2\/posts\/11293\/revisions"}],"predecessor-version":[{"id":14185,"href":"https:\/\/miramare.cultura.gov.it\/de\/wp-json\/wp\/v2\/posts\/11293\/revisions\/14185"}],"wp:featuredmedia":[{"embeddable":true,"href":"https:\/\/miramare.cultura.gov.it\/de\/wp-json\/wp\/v2\/media\/11289"}],"wp:attachment":[{"href":"https:\/\/miramare.cultura.gov.it\/de\/wp-json\/wp\/v2\/media?parent=11293"}],"wp:term":[{"taxonomy":"category","embeddable":true,"href":"https:\/\/miramare.cultura.gov.it\/de\/wp-json\/wp\/v2\/categories?post=11293"},{"taxonomy":"post_tag","embeddable":true,"href":"https:\/\/miramare.cultura.gov.it\/de\/wp-json\/wp\/v2\/tags?post=11293"}],"curies":[{"name":"wp","href":"https:\/\/api.w.org\/{rel}","templated":true}]}}