{"id":11326,"date":"2019-09-06T16:30:22","date_gmt":"2019-09-06T14:30:22","guid":{"rendered":"https:\/\/miramare.cultura.gov.it\/tavolino-marmo-nero-del-belgio-paste-vitree-legno-dorato-xix-sec\/"},"modified":"2023-03-01T15:12:24","modified_gmt":"2023-03-01T14:12:24","slug":"rundtisch-belgischer-schwarzer-marmor-glaspasten-vergoldetes-holz-19-jahrhundert","status":"publish","type":"post","link":"https:\/\/miramare.cultura.gov.it\/de\/rundtisch-belgischer-schwarzer-marmor-glaspasten-vergoldetes-holz-19-jahrhundert\/","title":{"rendered":"RUNDTISCH. BELGISCHER SCHWARZER MARMOR, GLASPASTEN, VERGOLDETES HOLZ, 19. JAHRHUNDERT"},"content":{"rendered":"<p>Standort: Sala XIV &#8211; Herrschersaal<\/p>\r\n<p><\/p>\r\n<p><\/p>\r\n<figure class=\"wp-block-image\"><img decoding=\"async\" class=\"wp-image-19033\" src=\"https:\/\/miramare.cultura.gov.it\/wp-content\/uploads\/2019\/09\/miramare@fabrice_gallina2019-3297-1024x683.jpg\" alt=\"\" \/><\/figure>\r\n<p><\/p>\r\n<p><\/p>\r\n<p>Der Legende zufolge war dieser Tisch ein Hochzeitsgeschenk von Papst Pius IX. anl\u00e4sslich der Verm\u00e4hlung von Maximilian und Charlotte. Auch wenn es hierf\u00fcr keine dokumentarischen Belege gibt, ist es \u00e4u\u00dferst plausibel, dass es sich dabei tats\u00e4chlich um ein p\u00e4pstliches Geschenk an das erzherzogliche Paar handelt. In der Tat sind Dekorationen aus Mikromosaiken in der ersten H\u00e4lfte des 19. Jahrhunderts in Rom sehr verbreitet und man kann eine Reihe \u00e4hnlicher Objekte unter den Geschenken finden, die die P\u00e4pste Regierungsoberh\u00e4uptern oder Diplomaten bei Staatsbesuchen \u00fcberreichten. Die Mikromosaiken des Rundtisches bestehen aus einem mittigen Tondo mit der Ansicht des Petersdoms und sechs Ovalen, in denen Monumente der r\u00f6mischen Antike abgebildet sind: das Kolosseum, die Ruinen des Forums, das Grabmal der Caecilia Metella, das Pantheon, der Vestatempel und der Titusbogen. Auf diesem Tisch unterzeichnete Maximilian seine Einwilligung, die Krone Mexikos anzunehmen. In der Tat ist er auf dem Gem\u00e4lde von Cesare dell\u2019Acqua, das im Historischen Saal des Museums h\u00e4ngt und an diesen Moment erinnert, neben dem Erzherzog zu erkennen.<\/p>\r\n<p><\/p>","protected":false},"excerpt":{"rendered":"<p>Standort: Sala XIV &#8211; Herrschersaal Der Legende zufolge war dieser Tisch ein Hochzeitsgeschenk von Papst Pius IX. anl\u00e4sslich der Verm\u00e4hlung von Maximilian und Charlotte. Auch wenn es hierf\u00fcr keine dokumentarischen Belege gibt, ist es \u00e4u\u00dferst plausibel, dass es sich dabei tats\u00e4chlich um ein p\u00e4pstliches Geschenk an das erzherzogliche Paar handelt. In der Tat sind Dekorationen [&hellip;]<\/p>\n","protected":false},"author":1,"featured_media":11322,"comment_status":"closed","ping_status":"closed","sticky":false,"template":"","format":"standard","meta":{"_et_pb_use_builder":"","_et_pb_old_content":"","_et_gb_content_width":"","footnotes":""},"categories":[98],"tags":[],"class_list":["post-11326","post","type-post","status-publish","format-standard","has-post-thumbnail","hentry","category-sammlung"],"yoast_head":"<!-- This site is optimized with the Yoast SEO plugin v27.5 - https:\/\/yoast.com\/product\/yoast-seo-wordpress\/ -->\n<title>RUNDTISCH. BELGISCHER SCHWARZER MARMOR, GLASPASTEN, VERGOLDETES HOLZ, 19. JAHRHUNDERT | Museo Storico e Il Parco del Castello di Miramare<\/title>\n<meta name=\"description\" content=\"RUNDTISCH. BELGISCHER SCHWARZER MARMOR, GLASPASTEN, VERGOLDETES HOLZ, 19. JAHRHUNDERT | Museo Storico e Il Parco del Castello di Miramare | Un luogo nobile e romatico tra arte, natura e bellezza. | Standort: Sala XIV - Herrschersaal Der Legende zufolge war dieser Tisch ein Hochzeitsgeschenk von Papst Pius IX. anl\u00e4sslich der Verm\u00e4hlung von Maximilian\" \/>\n<meta name=\"robots\" content=\"index, follow, max-snippet:-1, max-image-preview:large, max-video-preview:-1\" \/>\n<link rel=\"canonical\" href=\"https:\/\/miramare.cultura.gov.it\/de\/rundtisch-belgischer-schwarzer-marmor-glaspasten-vergoldetes-holz-19-jahrhundert\/\" \/>\n<meta property=\"og:locale\" content=\"de_DE\" \/>\n<meta property=\"og:type\" content=\"article\" \/>\n<meta property=\"og:title\" content=\"RUNDTISCH. BELGISCHER SCHWARZER MARMOR, GLASPASTEN, VERGOLDETES HOLZ, 19. JAHRHUNDERT | Museo Storico e Il Parco del Castello di Miramare\" \/>\n<meta property=\"og:description\" content=\"RUNDTISCH. BELGISCHER SCHWARZER MARMOR, GLASPASTEN, VERGOLDETES HOLZ, 19. JAHRHUNDERT | Museo Storico e Il Parco del Castello di Miramare | Un luogo nobile e romatico tra arte, natura e bellezza. | Standort: Sala XIV - Herrschersaal Der Legende zufolge war dieser Tisch ein Hochzeitsgeschenk von Papst Pius IX. anl\u00e4sslich der Verm\u00e4hlung von Maximilian\" \/>\n<meta property=\"og:url\" content=\"https:\/\/miramare.cultura.gov.it\/de\/rundtisch-belgischer-schwarzer-marmor-glaspasten-vergoldetes-holz-19-jahrhundert\/\" \/>\n<meta property=\"og:site_name\" content=\"Museo Storico e Il Parco del Castello di Miramare\" \/>\n<meta property=\"article:published_time\" content=\"2019-09-06T14:30:22+00:00\" \/>\n<meta property=\"article:modified_time\" content=\"2023-03-01T14:12:24+00:00\" \/>\n<meta property=\"og:image\" content=\"https:\/\/miramare.cultura.gov.it\/wp-content\/uploads\/2022\/10\/miramare@fabrice_gallina2019-3297-860x574-1.jpg\" \/>\n\t<meta property=\"og:image:width\" content=\"860\" \/>\n\t<meta property=\"og:image:height\" content=\"574\" \/>\n\t<meta property=\"og:image:type\" content=\"image\/jpeg\" \/>\n<meta name=\"author\" content=\"Amministratore Nethics\" \/>\n<meta name=\"twitter:card\" content=\"summary_large_image\" \/>\n<meta name=\"twitter:label1\" content=\"Verfasst von\" \/>\n\t<meta name=\"twitter:data1\" content=\"Amministratore Nethics\" \/>\n\t<meta name=\"twitter:label2\" content=\"Gesch\u00e4tzte Lesezeit\" \/>\n\t<meta name=\"twitter:data2\" content=\"2\u00a0Minuten\" \/>\n<script type=\"application\/ld+json\" class=\"yoast-schema-graph\">{\"@context\":\"https:\\\/\\\/schema.org\",\"@graph\":[{\"@type\":\"Article\",\"@id\":\"https:\\\/\\\/miramare.cultura.gov.it\\\/de\\\/rundtisch-belgischer-schwarzer-marmor-glaspasten-vergoldetes-holz-19-jahrhundert\\\/#article\",\"isPartOf\":{\"@id\":\"https:\\\/\\\/miramare.cultura.gov.it\\\/de\\\/rundtisch-belgischer-schwarzer-marmor-glaspasten-vergoldetes-holz-19-jahrhundert\\\/\"},\"author\":{\"name\":\"Amministratore Nethics\",\"@id\":\"https:\\\/\\\/miramare.cultura.gov.it\\\/#\\\/schema\\\/person\\\/33d951967b8397a9d6cf883dc441b332\"},\"headline\":\"RUNDTISCH. BELGISCHER SCHWARZER MARMOR, GLASPASTEN, VERGOLDETES HOLZ, 19. JAHRHUNDERT\",\"datePublished\":\"2019-09-06T14:30:22+00:00\",\"dateModified\":\"2023-03-01T14:12:24+00:00\",\"mainEntityOfPage\":{\"@id\":\"https:\\\/\\\/miramare.cultura.gov.it\\\/de\\\/rundtisch-belgischer-schwarzer-marmor-glaspasten-vergoldetes-holz-19-jahrhundert\\\/\"},\"wordCount\":190,\"image\":{\"@id\":\"https:\\\/\\\/miramare.cultura.gov.it\\\/de\\\/rundtisch-belgischer-schwarzer-marmor-glaspasten-vergoldetes-holz-19-jahrhundert\\\/#primaryimage\"},\"thumbnailUrl\":\"https:\\\/\\\/miramare.cultura.gov.it\\\/wp-content\\\/uploads\\\/2022\\\/10\\\/miramare@fabrice_gallina2019-3297-860x574-1.jpg\",\"articleSection\":[\"Sammlung\"],\"inLanguage\":\"de\"},{\"@type\":\"WebPage\",\"@id\":\"https:\\\/\\\/miramare.cultura.gov.it\\\/de\\\/rundtisch-belgischer-schwarzer-marmor-glaspasten-vergoldetes-holz-19-jahrhundert\\\/\",\"url\":\"https:\\\/\\\/miramare.cultura.gov.it\\\/de\\\/rundtisch-belgischer-schwarzer-marmor-glaspasten-vergoldetes-holz-19-jahrhundert\\\/\",\"name\":\"RUNDTISCH. BELGISCHER SCHWARZER MARMOR, GLASPASTEN, VERGOLDETES HOLZ, 19. JAHRHUNDERT | Museo Storico e Il Parco del Castello di Miramare\",\"isPartOf\":{\"@id\":\"https:\\\/\\\/miramare.cultura.gov.it\\\/#website\"},\"primaryImageOfPage\":{\"@id\":\"https:\\\/\\\/miramare.cultura.gov.it\\\/de\\\/rundtisch-belgischer-schwarzer-marmor-glaspasten-vergoldetes-holz-19-jahrhundert\\\/#primaryimage\"},\"image\":{\"@id\":\"https:\\\/\\\/miramare.cultura.gov.it\\\/de\\\/rundtisch-belgischer-schwarzer-marmor-glaspasten-vergoldetes-holz-19-jahrhundert\\\/#primaryimage\"},\"thumbnailUrl\":\"https:\\\/\\\/miramare.cultura.gov.it\\\/wp-content\\\/uploads\\\/2022\\\/10\\\/miramare@fabrice_gallina2019-3297-860x574-1.jpg\",\"datePublished\":\"2019-09-06T14:30:22+00:00\",\"dateModified\":\"2023-03-01T14:12:24+00:00\",\"author\":{\"@id\":\"https:\\\/\\\/miramare.cultura.gov.it\\\/#\\\/schema\\\/person\\\/33d951967b8397a9d6cf883dc441b332\"},\"description\":\"RUNDTISCH. BELGISCHER SCHWARZER MARMOR, GLASPASTEN, VERGOLDETES HOLZ, 19. JAHRHUNDERT | Museo Storico e Il Parco del Castello di Miramare | Un luogo nobile e romatico tra arte, natura e bellezza. | Standort: Sala XIV - Herrschersaal Der Legende zufolge war dieser Tisch ein Hochzeitsgeschenk von Papst Pius IX. anl\u00e4sslich der Verm\u00e4hlung von Maximilian\",\"breadcrumb\":{\"@id\":\"https:\\\/\\\/miramare.cultura.gov.it\\\/de\\\/rundtisch-belgischer-schwarzer-marmor-glaspasten-vergoldetes-holz-19-jahrhundert\\\/#breadcrumb\"},\"inLanguage\":\"de\",\"potentialAction\":[{\"@type\":\"ReadAction\",\"target\":[\"https:\\\/\\\/miramare.cultura.gov.it\\\/de\\\/rundtisch-belgischer-schwarzer-marmor-glaspasten-vergoldetes-holz-19-jahrhundert\\\/\"]}]},{\"@type\":\"ImageObject\",\"inLanguage\":\"de\",\"@id\":\"https:\\\/\\\/miramare.cultura.gov.it\\\/de\\\/rundtisch-belgischer-schwarzer-marmor-glaspasten-vergoldetes-holz-19-jahrhundert\\\/#primaryimage\",\"url\":\"https:\\\/\\\/miramare.cultura.gov.it\\\/wp-content\\\/uploads\\\/2022\\\/10\\\/miramare@fabrice_gallina2019-3297-860x574-1.jpg\",\"contentUrl\":\"https:\\\/\\\/miramare.cultura.gov.it\\\/wp-content\\\/uploads\\\/2022\\\/10\\\/miramare@fabrice_gallina2019-3297-860x574-1.jpg\",\"width\":860,\"height\":574},{\"@type\":\"BreadcrumbList\",\"@id\":\"https:\\\/\\\/miramare.cultura.gov.it\\\/de\\\/rundtisch-belgischer-schwarzer-marmor-glaspasten-vergoldetes-holz-19-jahrhundert\\\/#breadcrumb\",\"itemListElement\":[{\"@type\":\"ListItem\",\"position\":1,\"name\":\"Home\",\"item\":\"https:\\\/\\\/miramare.cultura.gov.it\\\/de\\\/\"},{\"@type\":\"ListItem\",\"position\":2,\"name\":\"RUNDTISCH. BELGISCHER SCHWARZER MARMOR, GLASPASTEN, VERGOLDETES HOLZ, 19. JAHRHUNDERT\"}]},{\"@type\":\"WebSite\",\"@id\":\"https:\\\/\\\/miramare.cultura.gov.it\\\/#website\",\"url\":\"https:\\\/\\\/miramare.cultura.gov.it\\\/\",\"name\":\"Museo Storico e Il Parco del Castello di Miramare\",\"description\":\"Un luogo nobile e romatico tra arte, natura e bellezza.\",\"potentialAction\":[{\"@type\":\"SearchAction\",\"target\":{\"@type\":\"EntryPoint\",\"urlTemplate\":\"https:\\\/\\\/miramare.cultura.gov.it\\\/?s={search_term_string}\"},\"query-input\":{\"@type\":\"PropertyValueSpecification\",\"valueRequired\":true,\"valueName\":\"search_term_string\"}}],\"inLanguage\":\"de\"},{\"@type\":\"Person\",\"@id\":\"https:\\\/\\\/miramare.cultura.gov.it\\\/#\\\/schema\\\/person\\\/33d951967b8397a9d6cf883dc441b332\",\"name\":\"Amministratore Nethics\",\"image\":{\"@type\":\"ImageObject\",\"inLanguage\":\"de\",\"@id\":\"https:\\\/\\\/secure.gravatar.com\\\/avatar\\\/1193094f9692945935139e2fd8f07407468bb11639ae82b599eb810e25e9b106?s=96&d=mm&r=g\",\"url\":\"https:\\\/\\\/secure.gravatar.com\\\/avatar\\\/1193094f9692945935139e2fd8f07407468bb11639ae82b599eb810e25e9b106?s=96&d=mm&r=g\",\"contentUrl\":\"https:\\\/\\\/secure.gravatar.com\\\/avatar\\\/1193094f9692945935139e2fd8f07407468bb11639ae82b599eb810e25e9b106?s=96&d=mm&r=g\",\"caption\":\"Amministratore Nethics\"}}]}<\/script>\n<!-- \/ Yoast SEO plugin. -->","yoast_head_json":{"title":"RUNDTISCH. BELGISCHER SCHWARZER MARMOR, GLASPASTEN, VERGOLDETES HOLZ, 19. JAHRHUNDERT | Museo Storico e Il Parco del Castello di Miramare","description":"RUNDTISCH. BELGISCHER SCHWARZER MARMOR, GLASPASTEN, VERGOLDETES HOLZ, 19. JAHRHUNDERT | Museo Storico e Il Parco del Castello di Miramare | Un luogo nobile e romatico tra arte, natura e bellezza. | Standort: Sala XIV - Herrschersaal Der Legende zufolge war dieser Tisch ein Hochzeitsgeschenk von Papst Pius IX. anl\u00e4sslich der Verm\u00e4hlung von Maximilian","robots":{"index":"index","follow":"follow","max-snippet":"max-snippet:-1","max-image-preview":"max-image-preview:large","max-video-preview":"max-video-preview:-1"},"canonical":"https:\/\/miramare.cultura.gov.it\/de\/rundtisch-belgischer-schwarzer-marmor-glaspasten-vergoldetes-holz-19-jahrhundert\/","og_locale":"de_DE","og_type":"article","og_title":"RUNDTISCH. BELGISCHER SCHWARZER MARMOR, GLASPASTEN, VERGOLDETES HOLZ, 19. JAHRHUNDERT | Museo Storico e Il Parco del Castello di Miramare","og_description":"RUNDTISCH. BELGISCHER SCHWARZER MARMOR, GLASPASTEN, VERGOLDETES HOLZ, 19. JAHRHUNDERT | Museo Storico e Il Parco del Castello di Miramare | Un luogo nobile e romatico tra arte, natura e bellezza. | Standort: Sala XIV - Herrschersaal Der Legende zufolge war dieser Tisch ein Hochzeitsgeschenk von Papst Pius IX. anl\u00e4sslich der Verm\u00e4hlung von Maximilian","og_url":"https:\/\/miramare.cultura.gov.it\/de\/rundtisch-belgischer-schwarzer-marmor-glaspasten-vergoldetes-holz-19-jahrhundert\/","og_site_name":"Museo Storico e Il Parco del Castello di Miramare","article_published_time":"2019-09-06T14:30:22+00:00","article_modified_time":"2023-03-01T14:12:24+00:00","og_image":[{"width":860,"height":574,"url":"https:\/\/miramare.cultura.gov.it\/wp-content\/uploads\/2022\/10\/miramare@fabrice_gallina2019-3297-860x574-1.jpg","type":"image\/jpeg"}],"author":"Amministratore Nethics","twitter_card":"summary_large_image","twitter_misc":{"Verfasst von":"Amministratore Nethics","Gesch\u00e4tzte Lesezeit":"2\u00a0Minuten"},"schema":{"@context":"https:\/\/schema.org","@graph":[{"@type":"Article","@id":"https:\/\/miramare.cultura.gov.it\/de\/rundtisch-belgischer-schwarzer-marmor-glaspasten-vergoldetes-holz-19-jahrhundert\/#article","isPartOf":{"@id":"https:\/\/miramare.cultura.gov.it\/de\/rundtisch-belgischer-schwarzer-marmor-glaspasten-vergoldetes-holz-19-jahrhundert\/"},"author":{"name":"Amministratore Nethics","@id":"https:\/\/miramare.cultura.gov.it\/#\/schema\/person\/33d951967b8397a9d6cf883dc441b332"},"headline":"RUNDTISCH. BELGISCHER SCHWARZER MARMOR, GLASPASTEN, VERGOLDETES HOLZ, 19. JAHRHUNDERT","datePublished":"2019-09-06T14:30:22+00:00","dateModified":"2023-03-01T14:12:24+00:00","mainEntityOfPage":{"@id":"https:\/\/miramare.cultura.gov.it\/de\/rundtisch-belgischer-schwarzer-marmor-glaspasten-vergoldetes-holz-19-jahrhundert\/"},"wordCount":190,"image":{"@id":"https:\/\/miramare.cultura.gov.it\/de\/rundtisch-belgischer-schwarzer-marmor-glaspasten-vergoldetes-holz-19-jahrhundert\/#primaryimage"},"thumbnailUrl":"https:\/\/miramare.cultura.gov.it\/wp-content\/uploads\/2022\/10\/miramare@fabrice_gallina2019-3297-860x574-1.jpg","articleSection":["Sammlung"],"inLanguage":"de"},{"@type":"WebPage","@id":"https:\/\/miramare.cultura.gov.it\/de\/rundtisch-belgischer-schwarzer-marmor-glaspasten-vergoldetes-holz-19-jahrhundert\/","url":"https:\/\/miramare.cultura.gov.it\/de\/rundtisch-belgischer-schwarzer-marmor-glaspasten-vergoldetes-holz-19-jahrhundert\/","name":"RUNDTISCH. BELGISCHER SCHWARZER MARMOR, GLASPASTEN, VERGOLDETES HOLZ, 19. JAHRHUNDERT | Museo Storico e Il Parco del Castello di Miramare","isPartOf":{"@id":"https:\/\/miramare.cultura.gov.it\/#website"},"primaryImageOfPage":{"@id":"https:\/\/miramare.cultura.gov.it\/de\/rundtisch-belgischer-schwarzer-marmor-glaspasten-vergoldetes-holz-19-jahrhundert\/#primaryimage"},"image":{"@id":"https:\/\/miramare.cultura.gov.it\/de\/rundtisch-belgischer-schwarzer-marmor-glaspasten-vergoldetes-holz-19-jahrhundert\/#primaryimage"},"thumbnailUrl":"https:\/\/miramare.cultura.gov.it\/wp-content\/uploads\/2022\/10\/miramare@fabrice_gallina2019-3297-860x574-1.jpg","datePublished":"2019-09-06T14:30:22+00:00","dateModified":"2023-03-01T14:12:24+00:00","author":{"@id":"https:\/\/miramare.cultura.gov.it\/#\/schema\/person\/33d951967b8397a9d6cf883dc441b332"},"description":"RUNDTISCH. BELGISCHER SCHWARZER MARMOR, GLASPASTEN, VERGOLDETES HOLZ, 19. JAHRHUNDERT | Museo Storico e Il Parco del Castello di Miramare | Un luogo nobile e romatico tra arte, natura e bellezza. | Standort: Sala XIV - Herrschersaal Der Legende zufolge war dieser Tisch ein Hochzeitsgeschenk von Papst Pius IX. anl\u00e4sslich der Verm\u00e4hlung von Maximilian","breadcrumb":{"@id":"https:\/\/miramare.cultura.gov.it\/de\/rundtisch-belgischer-schwarzer-marmor-glaspasten-vergoldetes-holz-19-jahrhundert\/#breadcrumb"},"inLanguage":"de","potentialAction":[{"@type":"ReadAction","target":["https:\/\/miramare.cultura.gov.it\/de\/rundtisch-belgischer-schwarzer-marmor-glaspasten-vergoldetes-holz-19-jahrhundert\/"]}]},{"@type":"ImageObject","inLanguage":"de","@id":"https:\/\/miramare.cultura.gov.it\/de\/rundtisch-belgischer-schwarzer-marmor-glaspasten-vergoldetes-holz-19-jahrhundert\/#primaryimage","url":"https:\/\/miramare.cultura.gov.it\/wp-content\/uploads\/2022\/10\/miramare@fabrice_gallina2019-3297-860x574-1.jpg","contentUrl":"https:\/\/miramare.cultura.gov.it\/wp-content\/uploads\/2022\/10\/miramare@fabrice_gallina2019-3297-860x574-1.jpg","width":860,"height":574},{"@type":"BreadcrumbList","@id":"https:\/\/miramare.cultura.gov.it\/de\/rundtisch-belgischer-schwarzer-marmor-glaspasten-vergoldetes-holz-19-jahrhundert\/#breadcrumb","itemListElement":[{"@type":"ListItem","position":1,"name":"Home","item":"https:\/\/miramare.cultura.gov.it\/de\/"},{"@type":"ListItem","position":2,"name":"RUNDTISCH. BELGISCHER SCHWARZER MARMOR, GLASPASTEN, VERGOLDETES HOLZ, 19. JAHRHUNDERT"}]},{"@type":"WebSite","@id":"https:\/\/miramare.cultura.gov.it\/#website","url":"https:\/\/miramare.cultura.gov.it\/","name":"Museo Storico e Il Parco del Castello di Miramare","description":"Un luogo nobile e romatico tra arte, natura e bellezza.","potentialAction":[{"@type":"SearchAction","target":{"@type":"EntryPoint","urlTemplate":"https:\/\/miramare.cultura.gov.it\/?s={search_term_string}"},"query-input":{"@type":"PropertyValueSpecification","valueRequired":true,"valueName":"search_term_string"}}],"inLanguage":"de"},{"@type":"Person","@id":"https:\/\/miramare.cultura.gov.it\/#\/schema\/person\/33d951967b8397a9d6cf883dc441b332","name":"Amministratore Nethics","image":{"@type":"ImageObject","inLanguage":"de","@id":"https:\/\/secure.gravatar.com\/avatar\/1193094f9692945935139e2fd8f07407468bb11639ae82b599eb810e25e9b106?s=96&d=mm&r=g","url":"https:\/\/secure.gravatar.com\/avatar\/1193094f9692945935139e2fd8f07407468bb11639ae82b599eb810e25e9b106?s=96&d=mm&r=g","contentUrl":"https:\/\/secure.gravatar.com\/avatar\/1193094f9692945935139e2fd8f07407468bb11639ae82b599eb810e25e9b106?s=96&d=mm&r=g","caption":"Amministratore Nethics"}}]}},"_links":{"self":[{"href":"https:\/\/miramare.cultura.gov.it\/de\/wp-json\/wp\/v2\/posts\/11326","targetHints":{"allow":["GET"]}}],"collection":[{"href":"https:\/\/miramare.cultura.gov.it\/de\/wp-json\/wp\/v2\/posts"}],"about":[{"href":"https:\/\/miramare.cultura.gov.it\/de\/wp-json\/wp\/v2\/types\/post"}],"author":[{"embeddable":true,"href":"https:\/\/miramare.cultura.gov.it\/de\/wp-json\/wp\/v2\/users\/1"}],"replies":[{"embeddable":true,"href":"https:\/\/miramare.cultura.gov.it\/de\/wp-json\/wp\/v2\/comments?post=11326"}],"version-history":[{"count":3,"href":"https:\/\/miramare.cultura.gov.it\/de\/wp-json\/wp\/v2\/posts\/11326\/revisions"}],"predecessor-version":[{"id":14189,"href":"https:\/\/miramare.cultura.gov.it\/de\/wp-json\/wp\/v2\/posts\/11326\/revisions\/14189"}],"wp:featuredmedia":[{"embeddable":true,"href":"https:\/\/miramare.cultura.gov.it\/de\/wp-json\/wp\/v2\/media\/11322"}],"wp:attachment":[{"href":"https:\/\/miramare.cultura.gov.it\/de\/wp-json\/wp\/v2\/media?parent=11326"}],"wp:term":[{"taxonomy":"category","embeddable":true,"href":"https:\/\/miramare.cultura.gov.it\/de\/wp-json\/wp\/v2\/categories?post=11326"},{"taxonomy":"post_tag","embeddable":true,"href":"https:\/\/miramare.cultura.gov.it\/de\/wp-json\/wp\/v2\/tags?post=11326"}],"curies":[{"name":"wp","href":"https:\/\/api.w.org\/{rel}","templated":true}]}}