{"id":16174,"date":"2023-06-23T10:41:01","date_gmt":"2023-06-23T08:41:01","guid":{"rendered":"https:\/\/miramare.cultura.gov.it\/terminato-il-restauro-della-statua-del-duca-daosta\/"},"modified":"2023-06-28T10:44:24","modified_gmt":"2023-06-28T08:44:24","slug":"terminato-il-restauro-della-statua-del-duca-daosta","status":"publish","type":"post","link":"https:\/\/miramare.cultura.gov.it\/de\/terminato-il-restauro-della-statua-del-duca-daosta\/","title":{"rendered":"Terminato il restauro della statua del Duca d&#8217;Aosta"},"content":{"rendered":"<p>Miramare 23 giugno 2023<\/p>\n<p>Si \u00e8 concluso il restauro della Statua del Duca Amadeo d&#8217;Aosta, situata alla fine del Viale delle Rose.<\/p>\n<p>La Statua venne inaugurata nel 1971 come omaggio al duca, vissuto a Miramare con la sua famiglia dal 1931 al 1937.<\/p>\n","protected":false},"excerpt":{"rendered":"<p>Miramare 23 giugno 2023 Si \u00e8 concluso il restauro della Statua del Duca Amadeo d&#8217;Aosta, situata alla fine del Viale delle Rose. La Statua venne inaugurata nel 1971 come omaggio al duca, vissuto a Miramare con la sua famiglia dal 1931 al 1937.<\/p>\n","protected":false},"author":6,"featured_media":16172,"comment_status":"closed","ping_status":"closed","sticky":false,"template":"","format":"standard","meta":{"_et_pb_use_builder":"","_et_pb_old_content":"","_et_gb_content_width":"","footnotes":""},"categories":[85],"tags":[],"class_list":["post-16174","post","type-post","status-publish","format-standard","has-post-thumbnail","hentry","category-news-de"],"yoast_head":"<!-- This site is optimized with the Yoast SEO plugin v27.4 - https:\/\/yoast.com\/product\/yoast-seo-wordpress\/ -->\n<title>Terminato il restauro della statua del Duca d&#039;Aosta | Museo Storico e Il Parco del Castello di Miramare<\/title>\n<meta name=\"description\" content=\"Terminato il restauro della statua del Duca d&#039;Aosta | Museo Storico e Il Parco del Castello di Miramare | Un luogo nobile e romatico tra arte, natura e bellezza. | Miramare 23 giugno 2023 Si \u00e8 concluso il restauro della Statua del Duca Amadeo d&#039;Aosta, situata alla fine del Viale delle Rose. La Statua venne inaugurata\" \/>\n<meta name=\"robots\" content=\"index, follow, max-snippet:-1, max-image-preview:large, max-video-preview:-1\" \/>\n<link rel=\"canonical\" href=\"https:\/\/miramare.cultura.gov.it\/de\/terminato-il-restauro-della-statua-del-duca-daosta\/\" \/>\n<meta property=\"og:locale\" content=\"de_DE\" \/>\n<meta property=\"og:type\" content=\"article\" \/>\n<meta property=\"og:title\" content=\"Terminato il restauro della statua del Duca d&#039;Aosta | Museo Storico e Il Parco del Castello di Miramare\" \/>\n<meta property=\"og:description\" content=\"Terminato il restauro della statua del Duca d&#039;Aosta | Museo Storico e Il Parco del Castello di Miramare | Un luogo nobile e romatico tra arte, natura e bellezza. | Miramare 23 giugno 2023 Si \u00e8 concluso il restauro della Statua del Duca Amadeo d&#039;Aosta, situata alla fine del Viale delle Rose. La Statua venne inaugurata\" \/>\n<meta property=\"og:url\" content=\"https:\/\/miramare.cultura.gov.it\/de\/terminato-il-restauro-della-statua-del-duca-daosta\/\" \/>\n<meta property=\"og:site_name\" content=\"Museo Storico e Il Parco del Castello di Miramare\" \/>\n<meta property=\"article:published_time\" content=\"2023-06-23T08:41:01+00:00\" \/>\n<meta property=\"article:modified_time\" content=\"2023-06-28T08:44:24+00:00\" \/>\n<meta property=\"og:image\" content=\"https:\/\/miramare.cultura.gov.it\/wp-content\/uploads\/2023\/06\/WhatsApp-Image-2023-06-28-at-10.42.03-e1687941826976.jpeg\" \/>\n\t<meta property=\"og:image:width\" content=\"721\" \/>\n\t<meta property=\"og:image:height\" content=\"1600\" \/>\n\t<meta property=\"og:image:type\" content=\"image\/jpeg\" \/>\n<meta name=\"author\" content=\"Irene Th\u00e9\" \/>\n<meta name=\"twitter:card\" content=\"summary_large_image\" \/>\n<meta name=\"twitter:label1\" content=\"Verfasst von\" \/>\n\t<meta name=\"twitter:data1\" content=\"Irene Th\u00e9\" \/>\n\t<meta name=\"twitter:label2\" content=\"Gesch\u00e4tzte Lesezeit\" \/>\n\t<meta name=\"twitter:data2\" content=\"1\u00a0Minute\" \/>\n<script type=\"application\/ld+json\" class=\"yoast-schema-graph\">{\"@context\":\"https:\\\/\\\/schema.org\",\"@graph\":[{\"@type\":\"Article\",\"@id\":\"https:\\\/\\\/miramare.cultura.gov.it\\\/de\\\/terminato-il-restauro-della-statua-del-duca-daosta\\\/#article\",\"isPartOf\":{\"@id\":\"https:\\\/\\\/miramare.cultura.gov.it\\\/de\\\/terminato-il-restauro-della-statua-del-duca-daosta\\\/\"},\"author\":{\"name\":\"Irene Th\u00e9\",\"@id\":\"https:\\\/\\\/miramare.cultura.gov.it\\\/#\\\/schema\\\/person\\\/c108376ca4a46e1f0c1883ea8e0446c8\"},\"headline\":\"Terminato il restauro della statua del Duca d&#8217;Aosta\",\"datePublished\":\"2023-06-23T08:41:01+00:00\",\"dateModified\":\"2023-06-28T08:44:24+00:00\",\"mainEntityOfPage\":{\"@id\":\"https:\\\/\\\/miramare.cultura.gov.it\\\/de\\\/terminato-il-restauro-della-statua-del-duca-daosta\\\/\"},\"wordCount\":45,\"image\":{\"@id\":\"https:\\\/\\\/miramare.cultura.gov.it\\\/de\\\/terminato-il-restauro-della-statua-del-duca-daosta\\\/#primaryimage\"},\"thumbnailUrl\":\"https:\\\/\\\/miramare.cultura.gov.it\\\/wp-content\\\/uploads\\\/2023\\\/06\\\/WhatsApp-Image-2023-06-28-at-10.42.03-e1687941826976.jpeg\",\"articleSection\":[\"News\"],\"inLanguage\":\"de\"},{\"@type\":\"WebPage\",\"@id\":\"https:\\\/\\\/miramare.cultura.gov.it\\\/de\\\/terminato-il-restauro-della-statua-del-duca-daosta\\\/\",\"url\":\"https:\\\/\\\/miramare.cultura.gov.it\\\/de\\\/terminato-il-restauro-della-statua-del-duca-daosta\\\/\",\"name\":\"Terminato il restauro della statua del Duca d'Aosta | Museo Storico e Il Parco del Castello di Miramare\",\"isPartOf\":{\"@id\":\"https:\\\/\\\/miramare.cultura.gov.it\\\/#website\"},\"primaryImageOfPage\":{\"@id\":\"https:\\\/\\\/miramare.cultura.gov.it\\\/de\\\/terminato-il-restauro-della-statua-del-duca-daosta\\\/#primaryimage\"},\"image\":{\"@id\":\"https:\\\/\\\/miramare.cultura.gov.it\\\/de\\\/terminato-il-restauro-della-statua-del-duca-daosta\\\/#primaryimage\"},\"thumbnailUrl\":\"https:\\\/\\\/miramare.cultura.gov.it\\\/wp-content\\\/uploads\\\/2023\\\/06\\\/WhatsApp-Image-2023-06-28-at-10.42.03-e1687941826976.jpeg\",\"datePublished\":\"2023-06-23T08:41:01+00:00\",\"dateModified\":\"2023-06-28T08:44:24+00:00\",\"author\":{\"@id\":\"https:\\\/\\\/miramare.cultura.gov.it\\\/#\\\/schema\\\/person\\\/c108376ca4a46e1f0c1883ea8e0446c8\"},\"description\":\"Terminato il restauro della statua del Duca d'Aosta | Museo Storico e Il Parco del Castello di Miramare | Un luogo nobile e romatico tra arte, natura e bellezza. | Miramare 23 giugno 2023 Si \u00e8 concluso il restauro della Statua del Duca Amadeo d'Aosta, situata alla fine del Viale delle Rose. La Statua venne inaugurata\",\"breadcrumb\":{\"@id\":\"https:\\\/\\\/miramare.cultura.gov.it\\\/de\\\/terminato-il-restauro-della-statua-del-duca-daosta\\\/#breadcrumb\"},\"inLanguage\":\"de\",\"potentialAction\":[{\"@type\":\"ReadAction\",\"target\":[\"https:\\\/\\\/miramare.cultura.gov.it\\\/de\\\/terminato-il-restauro-della-statua-del-duca-daosta\\\/\"]}]},{\"@type\":\"ImageObject\",\"inLanguage\":\"de\",\"@id\":\"https:\\\/\\\/miramare.cultura.gov.it\\\/de\\\/terminato-il-restauro-della-statua-del-duca-daosta\\\/#primaryimage\",\"url\":\"https:\\\/\\\/miramare.cultura.gov.it\\\/wp-content\\\/uploads\\\/2023\\\/06\\\/WhatsApp-Image-2023-06-28-at-10.42.03-e1687941826976.jpeg\",\"contentUrl\":\"https:\\\/\\\/miramare.cultura.gov.it\\\/wp-content\\\/uploads\\\/2023\\\/06\\\/WhatsApp-Image-2023-06-28-at-10.42.03-e1687941826976.jpeg\",\"width\":721,\"height\":1600},{\"@type\":\"BreadcrumbList\",\"@id\":\"https:\\\/\\\/miramare.cultura.gov.it\\\/de\\\/terminato-il-restauro-della-statua-del-duca-daosta\\\/#breadcrumb\",\"itemListElement\":[{\"@type\":\"ListItem\",\"position\":1,\"name\":\"Home\",\"item\":\"https:\\\/\\\/miramare.cultura.gov.it\\\/de\\\/\"},{\"@type\":\"ListItem\",\"position\":2,\"name\":\"Terminato il restauro della statua del Duca d&#8217;Aosta\"}]},{\"@type\":\"WebSite\",\"@id\":\"https:\\\/\\\/miramare.cultura.gov.it\\\/#website\",\"url\":\"https:\\\/\\\/miramare.cultura.gov.it\\\/\",\"name\":\"Museo Storico e Il Parco del Castello di Miramare\",\"description\":\"Un luogo nobile e romatico tra arte, natura e bellezza.\",\"potentialAction\":[{\"@type\":\"SearchAction\",\"target\":{\"@type\":\"EntryPoint\",\"urlTemplate\":\"https:\\\/\\\/miramare.cultura.gov.it\\\/?s={search_term_string}\"},\"query-input\":{\"@type\":\"PropertyValueSpecification\",\"valueRequired\":true,\"valueName\":\"search_term_string\"}}],\"inLanguage\":\"de\"},{\"@type\":\"Person\",\"@id\":\"https:\\\/\\\/miramare.cultura.gov.it\\\/#\\\/schema\\\/person\\\/c108376ca4a46e1f0c1883ea8e0446c8\",\"name\":\"Irene Th\u00e9\",\"image\":{\"@type\":\"ImageObject\",\"inLanguage\":\"de\",\"@id\":\"https:\\\/\\\/secure.gravatar.com\\\/avatar\\\/5021168711c611352074e18f6b7606a9408d51ef9b6afff4154bea7af49fb80b?s=96&d=mm&r=g\",\"url\":\"https:\\\/\\\/secure.gravatar.com\\\/avatar\\\/5021168711c611352074e18f6b7606a9408d51ef9b6afff4154bea7af49fb80b?s=96&d=mm&r=g\",\"contentUrl\":\"https:\\\/\\\/secure.gravatar.com\\\/avatar\\\/5021168711c611352074e18f6b7606a9408d51ef9b6afff4154bea7af49fb80b?s=96&d=mm&r=g\",\"caption\":\"Irene Th\u00e9\"}}]}<\/script>\n<!-- \/ Yoast SEO plugin. -->","yoast_head_json":{"title":"Terminato il restauro della statua del Duca d'Aosta | Museo Storico e Il Parco del Castello di Miramare","description":"Terminato il restauro della statua del Duca d'Aosta | Museo Storico e Il Parco del Castello di Miramare | Un luogo nobile e romatico tra arte, natura e bellezza. | Miramare 23 giugno 2023 Si \u00e8 concluso il restauro della Statua del Duca Amadeo d'Aosta, situata alla fine del Viale delle Rose. La Statua venne inaugurata","robots":{"index":"index","follow":"follow","max-snippet":"max-snippet:-1","max-image-preview":"max-image-preview:large","max-video-preview":"max-video-preview:-1"},"canonical":"https:\/\/miramare.cultura.gov.it\/de\/terminato-il-restauro-della-statua-del-duca-daosta\/","og_locale":"de_DE","og_type":"article","og_title":"Terminato il restauro della statua del Duca d'Aosta | Museo Storico e Il Parco del Castello di Miramare","og_description":"Terminato il restauro della statua del Duca d'Aosta | Museo Storico e Il Parco del Castello di Miramare | Un luogo nobile e romatico tra arte, natura e bellezza. | Miramare 23 giugno 2023 Si \u00e8 concluso il restauro della Statua del Duca Amadeo d'Aosta, situata alla fine del Viale delle Rose. La Statua venne inaugurata","og_url":"https:\/\/miramare.cultura.gov.it\/de\/terminato-il-restauro-della-statua-del-duca-daosta\/","og_site_name":"Museo Storico e Il Parco del Castello di Miramare","article_published_time":"2023-06-23T08:41:01+00:00","article_modified_time":"2023-06-28T08:44:24+00:00","og_image":[{"width":721,"height":1600,"url":"https:\/\/miramare.cultura.gov.it\/wp-content\/uploads\/2023\/06\/WhatsApp-Image-2023-06-28-at-10.42.03-e1687941826976.jpeg","type":"image\/jpeg"}],"author":"Irene Th\u00e9","twitter_card":"summary_large_image","twitter_misc":{"Verfasst von":"Irene Th\u00e9","Gesch\u00e4tzte Lesezeit":"1\u00a0Minute"},"schema":{"@context":"https:\/\/schema.org","@graph":[{"@type":"Article","@id":"https:\/\/miramare.cultura.gov.it\/de\/terminato-il-restauro-della-statua-del-duca-daosta\/#article","isPartOf":{"@id":"https:\/\/miramare.cultura.gov.it\/de\/terminato-il-restauro-della-statua-del-duca-daosta\/"},"author":{"name":"Irene Th\u00e9","@id":"https:\/\/miramare.cultura.gov.it\/#\/schema\/person\/c108376ca4a46e1f0c1883ea8e0446c8"},"headline":"Terminato il restauro della statua del Duca d&#8217;Aosta","datePublished":"2023-06-23T08:41:01+00:00","dateModified":"2023-06-28T08:44:24+00:00","mainEntityOfPage":{"@id":"https:\/\/miramare.cultura.gov.it\/de\/terminato-il-restauro-della-statua-del-duca-daosta\/"},"wordCount":45,"image":{"@id":"https:\/\/miramare.cultura.gov.it\/de\/terminato-il-restauro-della-statua-del-duca-daosta\/#primaryimage"},"thumbnailUrl":"https:\/\/miramare.cultura.gov.it\/wp-content\/uploads\/2023\/06\/WhatsApp-Image-2023-06-28-at-10.42.03-e1687941826976.jpeg","articleSection":["News"],"inLanguage":"de"},{"@type":"WebPage","@id":"https:\/\/miramare.cultura.gov.it\/de\/terminato-il-restauro-della-statua-del-duca-daosta\/","url":"https:\/\/miramare.cultura.gov.it\/de\/terminato-il-restauro-della-statua-del-duca-daosta\/","name":"Terminato il restauro della statua del Duca d'Aosta | Museo Storico e Il Parco del Castello di Miramare","isPartOf":{"@id":"https:\/\/miramare.cultura.gov.it\/#website"},"primaryImageOfPage":{"@id":"https:\/\/miramare.cultura.gov.it\/de\/terminato-il-restauro-della-statua-del-duca-daosta\/#primaryimage"},"image":{"@id":"https:\/\/miramare.cultura.gov.it\/de\/terminato-il-restauro-della-statua-del-duca-daosta\/#primaryimage"},"thumbnailUrl":"https:\/\/miramare.cultura.gov.it\/wp-content\/uploads\/2023\/06\/WhatsApp-Image-2023-06-28-at-10.42.03-e1687941826976.jpeg","datePublished":"2023-06-23T08:41:01+00:00","dateModified":"2023-06-28T08:44:24+00:00","author":{"@id":"https:\/\/miramare.cultura.gov.it\/#\/schema\/person\/c108376ca4a46e1f0c1883ea8e0446c8"},"description":"Terminato il restauro della statua del Duca d'Aosta | Museo Storico e Il Parco del Castello di Miramare | Un luogo nobile e romatico tra arte, natura e bellezza. | Miramare 23 giugno 2023 Si \u00e8 concluso il restauro della Statua del Duca Amadeo d'Aosta, situata alla fine del Viale delle Rose. La Statua venne inaugurata","breadcrumb":{"@id":"https:\/\/miramare.cultura.gov.it\/de\/terminato-il-restauro-della-statua-del-duca-daosta\/#breadcrumb"},"inLanguage":"de","potentialAction":[{"@type":"ReadAction","target":["https:\/\/miramare.cultura.gov.it\/de\/terminato-il-restauro-della-statua-del-duca-daosta\/"]}]},{"@type":"ImageObject","inLanguage":"de","@id":"https:\/\/miramare.cultura.gov.it\/de\/terminato-il-restauro-della-statua-del-duca-daosta\/#primaryimage","url":"https:\/\/miramare.cultura.gov.it\/wp-content\/uploads\/2023\/06\/WhatsApp-Image-2023-06-28-at-10.42.03-e1687941826976.jpeg","contentUrl":"https:\/\/miramare.cultura.gov.it\/wp-content\/uploads\/2023\/06\/WhatsApp-Image-2023-06-28-at-10.42.03-e1687941826976.jpeg","width":721,"height":1600},{"@type":"BreadcrumbList","@id":"https:\/\/miramare.cultura.gov.it\/de\/terminato-il-restauro-della-statua-del-duca-daosta\/#breadcrumb","itemListElement":[{"@type":"ListItem","position":1,"name":"Home","item":"https:\/\/miramare.cultura.gov.it\/de\/"},{"@type":"ListItem","position":2,"name":"Terminato il restauro della statua del Duca d&#8217;Aosta"}]},{"@type":"WebSite","@id":"https:\/\/miramare.cultura.gov.it\/#website","url":"https:\/\/miramare.cultura.gov.it\/","name":"Museo Storico e Il Parco del Castello di Miramare","description":"Un luogo nobile e romatico tra arte, natura e bellezza.","potentialAction":[{"@type":"SearchAction","target":{"@type":"EntryPoint","urlTemplate":"https:\/\/miramare.cultura.gov.it\/?s={search_term_string}"},"query-input":{"@type":"PropertyValueSpecification","valueRequired":true,"valueName":"search_term_string"}}],"inLanguage":"de"},{"@type":"Person","@id":"https:\/\/miramare.cultura.gov.it\/#\/schema\/person\/c108376ca4a46e1f0c1883ea8e0446c8","name":"Irene Th\u00e9","image":{"@type":"ImageObject","inLanguage":"de","@id":"https:\/\/secure.gravatar.com\/avatar\/5021168711c611352074e18f6b7606a9408d51ef9b6afff4154bea7af49fb80b?s=96&d=mm&r=g","url":"https:\/\/secure.gravatar.com\/avatar\/5021168711c611352074e18f6b7606a9408d51ef9b6afff4154bea7af49fb80b?s=96&d=mm&r=g","contentUrl":"https:\/\/secure.gravatar.com\/avatar\/5021168711c611352074e18f6b7606a9408d51ef9b6afff4154bea7af49fb80b?s=96&d=mm&r=g","caption":"Irene Th\u00e9"}}]}},"_links":{"self":[{"href":"https:\/\/miramare.cultura.gov.it\/de\/wp-json\/wp\/v2\/posts\/16174","targetHints":{"allow":["GET"]}}],"collection":[{"href":"https:\/\/miramare.cultura.gov.it\/de\/wp-json\/wp\/v2\/posts"}],"about":[{"href":"https:\/\/miramare.cultura.gov.it\/de\/wp-json\/wp\/v2\/types\/post"}],"author":[{"embeddable":true,"href":"https:\/\/miramare.cultura.gov.it\/de\/wp-json\/wp\/v2\/users\/6"}],"replies":[{"embeddable":true,"href":"https:\/\/miramare.cultura.gov.it\/de\/wp-json\/wp\/v2\/comments?post=16174"}],"version-history":[{"count":1,"href":"https:\/\/miramare.cultura.gov.it\/de\/wp-json\/wp\/v2\/posts\/16174\/revisions"}],"predecessor-version":[{"id":16176,"href":"https:\/\/miramare.cultura.gov.it\/de\/wp-json\/wp\/v2\/posts\/16174\/revisions\/16176"}],"wp:featuredmedia":[{"embeddable":true,"href":"https:\/\/miramare.cultura.gov.it\/de\/wp-json\/wp\/v2\/media\/16172"}],"wp:attachment":[{"href":"https:\/\/miramare.cultura.gov.it\/de\/wp-json\/wp\/v2\/media?parent=16174"}],"wp:term":[{"taxonomy":"category","embeddable":true,"href":"https:\/\/miramare.cultura.gov.it\/de\/wp-json\/wp\/v2\/categories?post=16174"},{"taxonomy":"post_tag","embeddable":true,"href":"https:\/\/miramare.cultura.gov.it\/de\/wp-json\/wp\/v2\/tags?post=16174"}],"curies":[{"name":"wp","href":"https:\/\/api.w.org\/{rel}","templated":true}]}}