{"id":20827,"date":"2024-08-26T14:06:11","date_gmt":"2024-08-26T12:06:11","guid":{"rendered":"https:\/\/miramare.cultura.gov.it\/miramare-inclusivo-e-accessibile-i-nuovi-pannelli-tattili\/"},"modified":"2024-08-26T14:06:11","modified_gmt":"2024-08-26T12:06:11","slug":"miramare-inclusivo-e-accessibile-i-nuovi-pannelli-tattili","status":"publish","type":"post","link":"https:\/\/miramare.cultura.gov.it\/de\/miramare-inclusivo-e-accessibile-i-nuovi-pannelli-tattili\/","title":{"rendered":"MIRAMARE INCLUSIVO E ACCESSIBILE. I NUOVI PANNELLI TATTILI"},"content":{"rendered":"<div>Grande successo e tanta curiosit\u00e0 hanno suscitato nei numerosi visitatori di queste giornate di vacanza i nuovi pannelli tattili che hanno trovato collocazione nel Parco storico di Miramare. Il progetto complessivo, che vedr\u00e0 anche la sistemazione di un ultimo pannello davanti al Castelletto nei prossimi mesi, \u00e8 mirato alla massima inclusivit\u00e0 per tutti, dai normodotati agli anziani, dai non vedenti a chi mantiene un residuo visivo ridotto.<\/div>\n<div><\/div>\n<div>I tre pannelli arrivati nei giorni scorsi hanno trovato posto\u00a0<b>di fronte alla Porta della Bora<\/b>\u00a0\u2013 si tratta di una planimetria generale del Parco con i principali elementi di interesse, un percorso consigliato anche a chi ha difficolt\u00e0 motorie e l\u2019indicazione degli alberi monumentale \u2013\u00a0<b>davanti all\u2019ingresso del Castello<\/b>\u00a0\u2013 \u00e8 un modello in 3D del comprensorio che permette al tatto di avere contezza delle componenti architettoniche dell\u2019edifico storico e dell\u2019orografia del Parco \u2013\u00a0<b>nei pressi della caffetteria<\/b>\u00a0\u2013 illustra in rilievo il disegno del parterre, il posizionamento delle statue e delle fontane, il perimetri delle siepi.<\/div>\n<div><\/div>\n<div>Tutte le tavole sono in italiano, in inglese e in braille, con le scritte in caratteri molto grandi, ad alto contrasto e ben visibili. Sono ad \u201caltezza bambino\u201d e inclinati in modo da consentire il facile accostamento anche a persone in sedia a rotelle. Sono stati realizzati con fondi del Museo destinati ai progetti per l\u2019accessibilit\u00e0.<\/div>\n<div><\/div>\n<div>Il posizionamento del quarto pannello \u00e8 previsto dopo la conclusione dei lavori attualmente in corso per il rifacimento del parterre del Castelletto, operazione che vedr\u00e0 il compimento della lunga fase di riqualificazione che ha interessato tutta l\u2019area, una delle pi\u00f9 affascinanti e suggestive dell\u2019intero comprensorio.<\/div>\n<div><\/div>\n<div>Alla fine dello scorso anno era gi\u00e0 stato posizionato un primo pannello tattile multilingua per non vedenti e ipovedenti nella zona delle Serre Nuove a cura del Lions Club Trieste Alto Adriatico.<\/div>\n<div><\/div>\n<div><\/div>\n<div><img loading=\"lazy\" decoding=\"async\" class=\"alignleft wp-image-20791\" src=\"https:\/\/miramare.cultura.gov.it\/wp-content\/uploads\/2024\/08\/IMG_0115-225x300.jpg\" alt=\"\" width=\"217\" height=\"289\" \/><img loading=\"lazy\" decoding=\"async\" class=\"alignleft wp-image-20788\" src=\"https:\/\/miramare.cultura.gov.it\/wp-content\/uploads\/2024\/08\/IMG_0010-225x300.jpg\" alt=\"\" width=\"207\" height=\"276\" \/><\/div>\n<div><img loading=\"lazy\" decoding=\"async\" class=\" wp-image-20797 alignleft\" src=\"https:\/\/miramare.cultura.gov.it\/wp-content\/uploads\/2024\/08\/PHOTO-2024-08-20-10-39-23-300x225.jpg\" alt=\"\" width=\"273\" height=\"205\" \/><\/div>\n<div><img loading=\"lazy\" decoding=\"async\" class=\"size-medium wp-image-20794 alignleft\" src=\"https:\/\/miramare.cultura.gov.it\/wp-content\/uploads\/2024\/08\/PHOTO-2024-08-20-10-39-22-225x300.jpg\" alt=\"\" width=\"225\" height=\"300\" \/><\/div>\n","protected":false},"excerpt":{"rendered":"<p>Grande successo e tanta curiosit\u00e0 hanno suscitato nei numerosi visitatori di queste giornate di vacanza i nuovi pannelli tattili che hanno trovato collocazione nel Parco storico di Miramare. Il progetto complessivo, che vedr\u00e0 anche la sistemazione di un ultimo pannello davanti al Castelletto nei prossimi mesi, \u00e8 mirato alla massima inclusivit\u00e0 per tutti, dai normodotati [&hellip;]<\/p>\n","protected":false},"author":13,"featured_media":20796,"comment_status":"closed","ping_status":"closed","sticky":false,"template":"","format":"standard","meta":{"_et_pb_use_builder":"","_et_pb_old_content":"","_et_gb_content_width":"","footnotes":""},"categories":[85],"tags":[],"class_list":["post-20827","post","type-post","status-publish","format-standard","has-post-thumbnail","hentry","category-news-de"],"yoast_head":"<!-- This site is optimized with the Yoast SEO plugin v27.5 - https:\/\/yoast.com\/product\/yoast-seo-wordpress\/ -->\n<title>MIRAMARE INCLUSIVO E ACCESSIBILE. I NUOVI PANNELLI TATTILI | Museo Storico e Il Parco del Castello di Miramare<\/title>\n<meta name=\"description\" content=\"MIRAMARE INCLUSIVO E ACCESSIBILE. I NUOVI PANNELLI TATTILI | Museo Storico e Il Parco del Castello di Miramare | Un luogo nobile e romatico tra arte, natura e bellezza. | Grande successo e tanta curiosit\u00e0 hanno suscitato nei numerosi visitatori di queste giornate di vacanza i nuovi pannelli tattili che hanno trovato\" \/>\n<meta name=\"robots\" content=\"index, follow, max-snippet:-1, max-image-preview:large, max-video-preview:-1\" \/>\n<link rel=\"canonical\" href=\"https:\/\/miramare.cultura.gov.it\/de\/miramare-inclusivo-e-accessibile-i-nuovi-pannelli-tattili\/\" \/>\n<meta property=\"og:locale\" content=\"de_DE\" \/>\n<meta property=\"og:type\" content=\"article\" \/>\n<meta property=\"og:title\" content=\"MIRAMARE INCLUSIVO E ACCESSIBILE. I NUOVI PANNELLI TATTILI | Museo Storico e Il Parco del Castello di Miramare\" \/>\n<meta property=\"og:description\" content=\"MIRAMARE INCLUSIVO E ACCESSIBILE. I NUOVI PANNELLI TATTILI | Museo Storico e Il Parco del Castello di Miramare | Un luogo nobile e romatico tra arte, natura e bellezza. | Grande successo e tanta curiosit\u00e0 hanno suscitato nei numerosi visitatori di queste giornate di vacanza i nuovi pannelli tattili che hanno trovato\" \/>\n<meta property=\"og:url\" content=\"https:\/\/miramare.cultura.gov.it\/de\/miramare-inclusivo-e-accessibile-i-nuovi-pannelli-tattili\/\" \/>\n<meta property=\"og:site_name\" content=\"Museo Storico e Il Parco del Castello di Miramare\" \/>\n<meta property=\"article:published_time\" content=\"2024-08-26T12:06:11+00:00\" \/>\n<meta property=\"og:image\" content=\"https:\/\/miramare.cultura.gov.it\/wp-content\/uploads\/2024\/08\/IMG_0115-225x300.jpg\" \/>\n<meta name=\"author\" content=\"Alessandra Palmas\" \/>\n<meta name=\"twitter:card\" content=\"summary_large_image\" \/>\n<meta name=\"twitter:label1\" content=\"Verfasst von\" \/>\n\t<meta name=\"twitter:data1\" content=\"Alessandra Palmas\" \/>\n\t<meta name=\"twitter:label2\" content=\"Gesch\u00e4tzte Lesezeit\" \/>\n\t<meta name=\"twitter:data2\" content=\"1\u00a0Minute\" \/>\n<script type=\"application\/ld+json\" class=\"yoast-schema-graph\">{\"@context\":\"https:\\\/\\\/schema.org\",\"@graph\":[{\"@type\":\"Article\",\"@id\":\"https:\\\/\\\/miramare.cultura.gov.it\\\/de\\\/miramare-inclusivo-e-accessibile-i-nuovi-pannelli-tattili\\\/#article\",\"isPartOf\":{\"@id\":\"https:\\\/\\\/miramare.cultura.gov.it\\\/de\\\/miramare-inclusivo-e-accessibile-i-nuovi-pannelli-tattili\\\/\"},\"author\":{\"name\":\"Alessandra Palmas\",\"@id\":\"https:\\\/\\\/miramare.cultura.gov.it\\\/#\\\/schema\\\/person\\\/0d487daeb5aa957d7dee9af5b085ce64\"},\"headline\":\"MIRAMARE INCLUSIVO E ACCESSIBILE. I NUOVI PANNELLI TATTILI\",\"datePublished\":\"2024-08-26T12:06:11+00:00\",\"mainEntityOfPage\":{\"@id\":\"https:\\\/\\\/miramare.cultura.gov.it\\\/de\\\/miramare-inclusivo-e-accessibile-i-nuovi-pannelli-tattili\\\/\"},\"wordCount\":305,\"image\":{\"@id\":\"https:\\\/\\\/miramare.cultura.gov.it\\\/de\\\/miramare-inclusivo-e-accessibile-i-nuovi-pannelli-tattili\\\/#primaryimage\"},\"thumbnailUrl\":\"https:\\\/\\\/miramare.cultura.gov.it\\\/wp-content\\\/uploads\\\/2024\\\/08\\\/PHOTO-2024-08-20-10-39-22-e1724673910682.jpg\",\"articleSection\":[\"News\"],\"inLanguage\":\"de\"},{\"@type\":\"WebPage\",\"@id\":\"https:\\\/\\\/miramare.cultura.gov.it\\\/de\\\/miramare-inclusivo-e-accessibile-i-nuovi-pannelli-tattili\\\/\",\"url\":\"https:\\\/\\\/miramare.cultura.gov.it\\\/de\\\/miramare-inclusivo-e-accessibile-i-nuovi-pannelli-tattili\\\/\",\"name\":\"MIRAMARE INCLUSIVO E ACCESSIBILE. I NUOVI PANNELLI TATTILI | Museo Storico e Il Parco del Castello di Miramare\",\"isPartOf\":{\"@id\":\"https:\\\/\\\/miramare.cultura.gov.it\\\/#website\"},\"primaryImageOfPage\":{\"@id\":\"https:\\\/\\\/miramare.cultura.gov.it\\\/de\\\/miramare-inclusivo-e-accessibile-i-nuovi-pannelli-tattili\\\/#primaryimage\"},\"image\":{\"@id\":\"https:\\\/\\\/miramare.cultura.gov.it\\\/de\\\/miramare-inclusivo-e-accessibile-i-nuovi-pannelli-tattili\\\/#primaryimage\"},\"thumbnailUrl\":\"https:\\\/\\\/miramare.cultura.gov.it\\\/wp-content\\\/uploads\\\/2024\\\/08\\\/PHOTO-2024-08-20-10-39-22-e1724673910682.jpg\",\"datePublished\":\"2024-08-26T12:06:11+00:00\",\"author\":{\"@id\":\"https:\\\/\\\/miramare.cultura.gov.it\\\/#\\\/schema\\\/person\\\/0d487daeb5aa957d7dee9af5b085ce64\"},\"description\":\"MIRAMARE INCLUSIVO E ACCESSIBILE. I NUOVI PANNELLI TATTILI | Museo Storico e Il Parco del Castello di Miramare | Un luogo nobile e romatico tra arte, natura e bellezza. | Grande successo e tanta curiosit\u00e0 hanno suscitato nei numerosi visitatori di queste giornate di vacanza i nuovi pannelli tattili che hanno trovato\",\"breadcrumb\":{\"@id\":\"https:\\\/\\\/miramare.cultura.gov.it\\\/de\\\/miramare-inclusivo-e-accessibile-i-nuovi-pannelli-tattili\\\/#breadcrumb\"},\"inLanguage\":\"de\",\"potentialAction\":[{\"@type\":\"ReadAction\",\"target\":[\"https:\\\/\\\/miramare.cultura.gov.it\\\/de\\\/miramare-inclusivo-e-accessibile-i-nuovi-pannelli-tattili\\\/\"]}]},{\"@type\":\"ImageObject\",\"inLanguage\":\"de\",\"@id\":\"https:\\\/\\\/miramare.cultura.gov.it\\\/de\\\/miramare-inclusivo-e-accessibile-i-nuovi-pannelli-tattili\\\/#primaryimage\",\"url\":\"https:\\\/\\\/miramare.cultura.gov.it\\\/wp-content\\\/uploads\\\/2024\\\/08\\\/PHOTO-2024-08-20-10-39-22-e1724673910682.jpg\",\"contentUrl\":\"https:\\\/\\\/miramare.cultura.gov.it\\\/wp-content\\\/uploads\\\/2024\\\/08\\\/PHOTO-2024-08-20-10-39-22-e1724673910682.jpg\",\"width\":1200,\"height\":1600},{\"@type\":\"BreadcrumbList\",\"@id\":\"https:\\\/\\\/miramare.cultura.gov.it\\\/de\\\/miramare-inclusivo-e-accessibile-i-nuovi-pannelli-tattili\\\/#breadcrumb\",\"itemListElement\":[{\"@type\":\"ListItem\",\"position\":1,\"name\":\"Home\",\"item\":\"https:\\\/\\\/miramare.cultura.gov.it\\\/de\\\/\"},{\"@type\":\"ListItem\",\"position\":2,\"name\":\"MIRAMARE INCLUSIVO E ACCESSIBILE. I NUOVI PANNELLI TATTILI\"}]},{\"@type\":\"WebSite\",\"@id\":\"https:\\\/\\\/miramare.cultura.gov.it\\\/#website\",\"url\":\"https:\\\/\\\/miramare.cultura.gov.it\\\/\",\"name\":\"Museo Storico e Il Parco del Castello di Miramare\",\"description\":\"Un luogo nobile e romatico tra arte, natura e bellezza.\",\"potentialAction\":[{\"@type\":\"SearchAction\",\"target\":{\"@type\":\"EntryPoint\",\"urlTemplate\":\"https:\\\/\\\/miramare.cultura.gov.it\\\/?s={search_term_string}\"},\"query-input\":{\"@type\":\"PropertyValueSpecification\",\"valueRequired\":true,\"valueName\":\"search_term_string\"}}],\"inLanguage\":\"de\"},{\"@type\":\"Person\",\"@id\":\"https:\\\/\\\/miramare.cultura.gov.it\\\/#\\\/schema\\\/person\\\/0d487daeb5aa957d7dee9af5b085ce64\",\"name\":\"Alessandra Palmas\",\"image\":{\"@type\":\"ImageObject\",\"inLanguage\":\"de\",\"@id\":\"https:\\\/\\\/secure.gravatar.com\\\/avatar\\\/e0b54db445994ec7ac7247eda71f9f93a30a72b4adaff129b725b5856325b6e9?s=96&d=mm&r=g\",\"url\":\"https:\\\/\\\/secure.gravatar.com\\\/avatar\\\/e0b54db445994ec7ac7247eda71f9f93a30a72b4adaff129b725b5856325b6e9?s=96&d=mm&r=g\",\"contentUrl\":\"https:\\\/\\\/secure.gravatar.com\\\/avatar\\\/e0b54db445994ec7ac7247eda71f9f93a30a72b4adaff129b725b5856325b6e9?s=96&d=mm&r=g\",\"caption\":\"Alessandra Palmas\"}}]}<\/script>\n<!-- \/ Yoast SEO plugin. -->","yoast_head_json":{"title":"MIRAMARE INCLUSIVO E ACCESSIBILE. I NUOVI PANNELLI TATTILI | Museo Storico e Il Parco del Castello di Miramare","description":"MIRAMARE INCLUSIVO E ACCESSIBILE. I NUOVI PANNELLI TATTILI | Museo Storico e Il Parco del Castello di Miramare | Un luogo nobile e romatico tra arte, natura e bellezza. | Grande successo e tanta curiosit\u00e0 hanno suscitato nei numerosi visitatori di queste giornate di vacanza i nuovi pannelli tattili che hanno trovato","robots":{"index":"index","follow":"follow","max-snippet":"max-snippet:-1","max-image-preview":"max-image-preview:large","max-video-preview":"max-video-preview:-1"},"canonical":"https:\/\/miramare.cultura.gov.it\/de\/miramare-inclusivo-e-accessibile-i-nuovi-pannelli-tattili\/","og_locale":"de_DE","og_type":"article","og_title":"MIRAMARE INCLUSIVO E ACCESSIBILE. I NUOVI PANNELLI TATTILI | Museo Storico e Il Parco del Castello di Miramare","og_description":"MIRAMARE INCLUSIVO E ACCESSIBILE. I NUOVI PANNELLI TATTILI | Museo Storico e Il Parco del Castello di Miramare | Un luogo nobile e romatico tra arte, natura e bellezza. | Grande successo e tanta curiosit\u00e0 hanno suscitato nei numerosi visitatori di queste giornate di vacanza i nuovi pannelli tattili che hanno trovato","og_url":"https:\/\/miramare.cultura.gov.it\/de\/miramare-inclusivo-e-accessibile-i-nuovi-pannelli-tattili\/","og_site_name":"Museo Storico e Il Parco del Castello di Miramare","article_published_time":"2024-08-26T12:06:11+00:00","og_image":[{"url":"https:\/\/miramare.cultura.gov.it\/wp-content\/uploads\/2024\/08\/IMG_0115-225x300.jpg","type":"","width":"","height":""}],"author":"Alessandra Palmas","twitter_card":"summary_large_image","twitter_misc":{"Verfasst von":"Alessandra Palmas","Gesch\u00e4tzte Lesezeit":"1\u00a0Minute"},"schema":{"@context":"https:\/\/schema.org","@graph":[{"@type":"Article","@id":"https:\/\/miramare.cultura.gov.it\/de\/miramare-inclusivo-e-accessibile-i-nuovi-pannelli-tattili\/#article","isPartOf":{"@id":"https:\/\/miramare.cultura.gov.it\/de\/miramare-inclusivo-e-accessibile-i-nuovi-pannelli-tattili\/"},"author":{"name":"Alessandra Palmas","@id":"https:\/\/miramare.cultura.gov.it\/#\/schema\/person\/0d487daeb5aa957d7dee9af5b085ce64"},"headline":"MIRAMARE INCLUSIVO E ACCESSIBILE. I NUOVI PANNELLI TATTILI","datePublished":"2024-08-26T12:06:11+00:00","mainEntityOfPage":{"@id":"https:\/\/miramare.cultura.gov.it\/de\/miramare-inclusivo-e-accessibile-i-nuovi-pannelli-tattili\/"},"wordCount":305,"image":{"@id":"https:\/\/miramare.cultura.gov.it\/de\/miramare-inclusivo-e-accessibile-i-nuovi-pannelli-tattili\/#primaryimage"},"thumbnailUrl":"https:\/\/miramare.cultura.gov.it\/wp-content\/uploads\/2024\/08\/PHOTO-2024-08-20-10-39-22-e1724673910682.jpg","articleSection":["News"],"inLanguage":"de"},{"@type":"WebPage","@id":"https:\/\/miramare.cultura.gov.it\/de\/miramare-inclusivo-e-accessibile-i-nuovi-pannelli-tattili\/","url":"https:\/\/miramare.cultura.gov.it\/de\/miramare-inclusivo-e-accessibile-i-nuovi-pannelli-tattili\/","name":"MIRAMARE INCLUSIVO E ACCESSIBILE. I NUOVI PANNELLI TATTILI | Museo Storico e Il Parco del Castello di Miramare","isPartOf":{"@id":"https:\/\/miramare.cultura.gov.it\/#website"},"primaryImageOfPage":{"@id":"https:\/\/miramare.cultura.gov.it\/de\/miramare-inclusivo-e-accessibile-i-nuovi-pannelli-tattili\/#primaryimage"},"image":{"@id":"https:\/\/miramare.cultura.gov.it\/de\/miramare-inclusivo-e-accessibile-i-nuovi-pannelli-tattili\/#primaryimage"},"thumbnailUrl":"https:\/\/miramare.cultura.gov.it\/wp-content\/uploads\/2024\/08\/PHOTO-2024-08-20-10-39-22-e1724673910682.jpg","datePublished":"2024-08-26T12:06:11+00:00","author":{"@id":"https:\/\/miramare.cultura.gov.it\/#\/schema\/person\/0d487daeb5aa957d7dee9af5b085ce64"},"description":"MIRAMARE INCLUSIVO E ACCESSIBILE. I NUOVI PANNELLI TATTILI | Museo Storico e Il Parco del Castello di Miramare | Un luogo nobile e romatico tra arte, natura e bellezza. | Grande successo e tanta curiosit\u00e0 hanno suscitato nei numerosi visitatori di queste giornate di vacanza i nuovi pannelli tattili che hanno trovato","breadcrumb":{"@id":"https:\/\/miramare.cultura.gov.it\/de\/miramare-inclusivo-e-accessibile-i-nuovi-pannelli-tattili\/#breadcrumb"},"inLanguage":"de","potentialAction":[{"@type":"ReadAction","target":["https:\/\/miramare.cultura.gov.it\/de\/miramare-inclusivo-e-accessibile-i-nuovi-pannelli-tattili\/"]}]},{"@type":"ImageObject","inLanguage":"de","@id":"https:\/\/miramare.cultura.gov.it\/de\/miramare-inclusivo-e-accessibile-i-nuovi-pannelli-tattili\/#primaryimage","url":"https:\/\/miramare.cultura.gov.it\/wp-content\/uploads\/2024\/08\/PHOTO-2024-08-20-10-39-22-e1724673910682.jpg","contentUrl":"https:\/\/miramare.cultura.gov.it\/wp-content\/uploads\/2024\/08\/PHOTO-2024-08-20-10-39-22-e1724673910682.jpg","width":1200,"height":1600},{"@type":"BreadcrumbList","@id":"https:\/\/miramare.cultura.gov.it\/de\/miramare-inclusivo-e-accessibile-i-nuovi-pannelli-tattili\/#breadcrumb","itemListElement":[{"@type":"ListItem","position":1,"name":"Home","item":"https:\/\/miramare.cultura.gov.it\/de\/"},{"@type":"ListItem","position":2,"name":"MIRAMARE INCLUSIVO E ACCESSIBILE. I NUOVI PANNELLI TATTILI"}]},{"@type":"WebSite","@id":"https:\/\/miramare.cultura.gov.it\/#website","url":"https:\/\/miramare.cultura.gov.it\/","name":"Museo Storico e Il Parco del Castello di Miramare","description":"Un luogo nobile e romatico tra arte, natura e bellezza.","potentialAction":[{"@type":"SearchAction","target":{"@type":"EntryPoint","urlTemplate":"https:\/\/miramare.cultura.gov.it\/?s={search_term_string}"},"query-input":{"@type":"PropertyValueSpecification","valueRequired":true,"valueName":"search_term_string"}}],"inLanguage":"de"},{"@type":"Person","@id":"https:\/\/miramare.cultura.gov.it\/#\/schema\/person\/0d487daeb5aa957d7dee9af5b085ce64","name":"Alessandra Palmas","image":{"@type":"ImageObject","inLanguage":"de","@id":"https:\/\/secure.gravatar.com\/avatar\/e0b54db445994ec7ac7247eda71f9f93a30a72b4adaff129b725b5856325b6e9?s=96&d=mm&r=g","url":"https:\/\/secure.gravatar.com\/avatar\/e0b54db445994ec7ac7247eda71f9f93a30a72b4adaff129b725b5856325b6e9?s=96&d=mm&r=g","contentUrl":"https:\/\/secure.gravatar.com\/avatar\/e0b54db445994ec7ac7247eda71f9f93a30a72b4adaff129b725b5856325b6e9?s=96&d=mm&r=g","caption":"Alessandra Palmas"}}]}},"_links":{"self":[{"href":"https:\/\/miramare.cultura.gov.it\/de\/wp-json\/wp\/v2\/posts\/20827","targetHints":{"allow":["GET"]}}],"collection":[{"href":"https:\/\/miramare.cultura.gov.it\/de\/wp-json\/wp\/v2\/posts"}],"about":[{"href":"https:\/\/miramare.cultura.gov.it\/de\/wp-json\/wp\/v2\/types\/post"}],"author":[{"embeddable":true,"href":"https:\/\/miramare.cultura.gov.it\/de\/wp-json\/wp\/v2\/users\/13"}],"replies":[{"embeddable":true,"href":"https:\/\/miramare.cultura.gov.it\/de\/wp-json\/wp\/v2\/comments?post=20827"}],"version-history":[{"count":0,"href":"https:\/\/miramare.cultura.gov.it\/de\/wp-json\/wp\/v2\/posts\/20827\/revisions"}],"wp:featuredmedia":[{"embeddable":true,"href":"https:\/\/miramare.cultura.gov.it\/de\/wp-json\/wp\/v2\/media\/20796"}],"wp:attachment":[{"href":"https:\/\/miramare.cultura.gov.it\/de\/wp-json\/wp\/v2\/media?parent=20827"}],"wp:term":[{"taxonomy":"category","embeddable":true,"href":"https:\/\/miramare.cultura.gov.it\/de\/wp-json\/wp\/v2\/categories?post=20827"},{"taxonomy":"post_tag","embeddable":true,"href":"https:\/\/miramare.cultura.gov.it\/de\/wp-json\/wp\/v2\/tags?post=20827"}],"curies":[{"name":"wp","href":"https:\/\/api.w.org\/{rel}","templated":true}]}}