{"id":21351,"date":"2024-10-26T12:13:21","date_gmt":"2024-10-26T10:13:21","guid":{"rendered":"https:\/\/miramare.cultura.gov.it\/museo-di-miramare-regolarmente-aperto-dal-1-al-4-novembre-2024\/"},"modified":"2024-10-26T12:17:35","modified_gmt":"2024-10-26T10:17:35","slug":"museo-di-miramare-regolarmente-aperto-dal-1-al-4-novembre-2024","status":"publish","type":"post","link":"https:\/\/miramare.cultura.gov.it\/de\/museo-di-miramare-regolarmente-aperto-dal-1-al-4-novembre-2024\/","title":{"rendered":"Miramare Museum regelm\u00e4\u00dfig ge\u00f6ffnet vom 1. bis 4. November 2024"},"content":{"rendered":"<p>Am 1. November,<strong> anl\u00e4sslich von Allerheiligen<\/strong>, sind das Historische Museum und der Park des Schlosses von Miramare zu den \u00fcblichen Eintrittspreisen<strong> ge\u00f6ffnet<\/strong>.<\/p>\n<p>Au\u00dferdem ist am Sonntag, <strong>dem 3. November <\/strong>, anl\u00e4sslich des <strong>\u201eSonntags im Museum\u201c, der<\/strong> Initiative, die jeden ersten Sonntag im Monat freien Eintritt in staatliche Museen und Kulturst\u00e4tten gew\u00e4hrt, sowie am<strong> Montag, dem 4. November<\/strong>, anl\u00e4sslich des <strong>Tages der nationalen Einheit und des Tages der Streitkr\u00e4fte<\/strong>, der Eintritt <strong>frei<\/strong> <strong>.<\/strong><\/p>\n<p>&nbsp;<\/p>\n<p>&nbsp;<\/p>\n<p>&nbsp;<\/p>\n","protected":false},"excerpt":{"rendered":"<p>Am 1. November, anl\u00e4sslich von Allerheiligen, sind das Historische Museum und der Park des Schlosses von Miramare zu den \u00fcblichen Eintrittspreisen ge\u00f6ffnet. Au\u00dferdem ist am Sonntag, dem 3. November , anl\u00e4sslich des \u201eSonntags im Museum\u201c, der Initiative, die jeden ersten Sonntag im Monat freien Eintritt in staatliche Museen und Kulturst\u00e4tten gew\u00e4hrt, sowie am Montag, dem [&hellip;]<\/p>\n","protected":false},"author":6,"featured_media":16798,"comment_status":"closed","ping_status":"closed","sticky":false,"template":"","format":"standard","meta":{"_et_pb_use_builder":"","_et_pb_old_content":"","_et_gb_content_width":"","footnotes":""},"categories":[78,85],"tags":[],"class_list":["post-21351","post","type-post","status-publish","format-standard","has-post-thumbnail","hentry","category-avvisi-de","category-news-de"],"yoast_head":"<!-- This site is optimized with the Yoast SEO plugin v27.4 - https:\/\/yoast.com\/product\/yoast-seo-wordpress\/ -->\n<title>Miramare Museum regelm\u00e4\u00dfig ge\u00f6ffnet vom 1. bis 4. November 2024 | Museo Storico e Il Parco del Castello di Miramare<\/title>\n<meta name=\"description\" content=\"Miramare Museum regelm\u00e4\u00dfig ge\u00f6ffnet vom 1. bis 4. November 2024 | Museo Storico e Il Parco del Castello di Miramare | Un luogo nobile e romatico tra arte, natura e bellezza. | Am 1. November, anl\u00e4sslich von Allerheiligen, sind das Historische Museum und der Park des Schlosses von Miramare zu den \u00fcblichen Eintrittspreisen\" \/>\n<meta name=\"robots\" content=\"index, follow, max-snippet:-1, max-image-preview:large, max-video-preview:-1\" \/>\n<link rel=\"canonical\" href=\"https:\/\/miramare.cultura.gov.it\/de\/museo-di-miramare-regolarmente-aperto-dal-1-al-4-novembre-2024\/\" \/>\n<meta property=\"og:locale\" content=\"de_DE\" \/>\n<meta property=\"og:type\" content=\"article\" \/>\n<meta property=\"og:title\" content=\"Miramare Museum regelm\u00e4\u00dfig ge\u00f6ffnet vom 1. bis 4. November 2024 | Museo Storico e Il Parco del Castello di Miramare\" \/>\n<meta property=\"og:description\" content=\"Miramare Museum regelm\u00e4\u00dfig ge\u00f6ffnet vom 1. bis 4. November 2024 | Museo Storico e Il Parco del Castello di Miramare | Un luogo nobile e romatico tra arte, natura e bellezza. | Am 1. November, anl\u00e4sslich von Allerheiligen, sind das Historische Museum und der Park des Schlosses von Miramare zu den \u00fcblichen Eintrittspreisen\" \/>\n<meta property=\"og:url\" content=\"https:\/\/miramare.cultura.gov.it\/de\/museo-di-miramare-regolarmente-aperto-dal-1-al-4-novembre-2024\/\" \/>\n<meta property=\"og:site_name\" content=\"Museo Storico e Il Parco del Castello di Miramare\" \/>\n<meta property=\"article:published_time\" content=\"2024-10-26T10:13:21+00:00\" \/>\n<meta property=\"article:modified_time\" content=\"2024-10-26T10:17:35+00:00\" \/>\n<meta property=\"og:image\" content=\"https:\/\/miramare.cultura.gov.it\/wp-content\/uploads\/2023\/08\/Castelletto13-scaled.jpg\" \/>\n\t<meta property=\"og:image:width\" content=\"2560\" \/>\n\t<meta property=\"og:image:height\" content=\"1440\" \/>\n\t<meta property=\"og:image:type\" content=\"image\/jpeg\" \/>\n<meta name=\"author\" content=\"Irene Th\u00e9\" \/>\n<meta name=\"twitter:card\" content=\"summary_large_image\" \/>\n<meta name=\"twitter:label1\" content=\"Verfasst von\" \/>\n\t<meta name=\"twitter:data1\" content=\"Irene Th\u00e9\" \/>\n\t<meta name=\"twitter:label2\" content=\"Gesch\u00e4tzte Lesezeit\" \/>\n\t<meta name=\"twitter:data2\" content=\"1\u00a0Minute\" \/>\n<script type=\"application\/ld+json\" class=\"yoast-schema-graph\">{\"@context\":\"https:\\\/\\\/schema.org\",\"@graph\":[{\"@type\":\"Article\",\"@id\":\"https:\\\/\\\/miramare.cultura.gov.it\\\/de\\\/museo-di-miramare-regolarmente-aperto-dal-1-al-4-novembre-2024\\\/#article\",\"isPartOf\":{\"@id\":\"https:\\\/\\\/miramare.cultura.gov.it\\\/de\\\/museo-di-miramare-regolarmente-aperto-dal-1-al-4-novembre-2024\\\/\"},\"author\":{\"name\":\"Irene Th\u00e9\",\"@id\":\"https:\\\/\\\/miramare.cultura.gov.it\\\/#\\\/schema\\\/person\\\/c108376ca4a46e1f0c1883ea8e0446c8\"},\"headline\":\"Miramare Museum regelm\u00e4\u00dfig ge\u00f6ffnet vom 1. bis 4. November 2024\",\"datePublished\":\"2024-10-26T10:13:21+00:00\",\"dateModified\":\"2024-10-26T10:17:35+00:00\",\"mainEntityOfPage\":{\"@id\":\"https:\\\/\\\/miramare.cultura.gov.it\\\/de\\\/museo-di-miramare-regolarmente-aperto-dal-1-al-4-novembre-2024\\\/\"},\"wordCount\":87,\"image\":{\"@id\":\"https:\\\/\\\/miramare.cultura.gov.it\\\/de\\\/museo-di-miramare-regolarmente-aperto-dal-1-al-4-novembre-2024\\\/#primaryimage\"},\"thumbnailUrl\":\"https:\\\/\\\/miramare.cultura.gov.it\\\/wp-content\\\/uploads\\\/2023\\\/08\\\/Castelletto13-scaled.jpg\",\"articleSection\":[\"Avvisi\",\"News\"],\"inLanguage\":\"de\"},{\"@type\":\"WebPage\",\"@id\":\"https:\\\/\\\/miramare.cultura.gov.it\\\/de\\\/museo-di-miramare-regolarmente-aperto-dal-1-al-4-novembre-2024\\\/\",\"url\":\"https:\\\/\\\/miramare.cultura.gov.it\\\/de\\\/museo-di-miramare-regolarmente-aperto-dal-1-al-4-novembre-2024\\\/\",\"name\":\"Miramare Museum regelm\u00e4\u00dfig ge\u00f6ffnet vom 1. bis 4. November 2024 | Museo Storico e Il Parco del Castello di Miramare\",\"isPartOf\":{\"@id\":\"https:\\\/\\\/miramare.cultura.gov.it\\\/#website\"},\"primaryImageOfPage\":{\"@id\":\"https:\\\/\\\/miramare.cultura.gov.it\\\/de\\\/museo-di-miramare-regolarmente-aperto-dal-1-al-4-novembre-2024\\\/#primaryimage\"},\"image\":{\"@id\":\"https:\\\/\\\/miramare.cultura.gov.it\\\/de\\\/museo-di-miramare-regolarmente-aperto-dal-1-al-4-novembre-2024\\\/#primaryimage\"},\"thumbnailUrl\":\"https:\\\/\\\/miramare.cultura.gov.it\\\/wp-content\\\/uploads\\\/2023\\\/08\\\/Castelletto13-scaled.jpg\",\"datePublished\":\"2024-10-26T10:13:21+00:00\",\"dateModified\":\"2024-10-26T10:17:35+00:00\",\"author\":{\"@id\":\"https:\\\/\\\/miramare.cultura.gov.it\\\/#\\\/schema\\\/person\\\/c108376ca4a46e1f0c1883ea8e0446c8\"},\"description\":\"Miramare Museum regelm\u00e4\u00dfig ge\u00f6ffnet vom 1. bis 4. November 2024 | Museo Storico e Il Parco del Castello di Miramare | Un luogo nobile e romatico tra arte, natura e bellezza. | Am 1. November, anl\u00e4sslich von Allerheiligen, sind das Historische Museum und der Park des Schlosses von Miramare zu den \u00fcblichen Eintrittspreisen\",\"breadcrumb\":{\"@id\":\"https:\\\/\\\/miramare.cultura.gov.it\\\/de\\\/museo-di-miramare-regolarmente-aperto-dal-1-al-4-novembre-2024\\\/#breadcrumb\"},\"inLanguage\":\"de\",\"potentialAction\":[{\"@type\":\"ReadAction\",\"target\":[\"https:\\\/\\\/miramare.cultura.gov.it\\\/de\\\/museo-di-miramare-regolarmente-aperto-dal-1-al-4-novembre-2024\\\/\"]}]},{\"@type\":\"ImageObject\",\"inLanguage\":\"de\",\"@id\":\"https:\\\/\\\/miramare.cultura.gov.it\\\/de\\\/museo-di-miramare-regolarmente-aperto-dal-1-al-4-novembre-2024\\\/#primaryimage\",\"url\":\"https:\\\/\\\/miramare.cultura.gov.it\\\/wp-content\\\/uploads\\\/2023\\\/08\\\/Castelletto13-scaled.jpg\",\"contentUrl\":\"https:\\\/\\\/miramare.cultura.gov.it\\\/wp-content\\\/uploads\\\/2023\\\/08\\\/Castelletto13-scaled.jpg\",\"width\":2560,\"height\":1440},{\"@type\":\"BreadcrumbList\",\"@id\":\"https:\\\/\\\/miramare.cultura.gov.it\\\/de\\\/museo-di-miramare-regolarmente-aperto-dal-1-al-4-novembre-2024\\\/#breadcrumb\",\"itemListElement\":[{\"@type\":\"ListItem\",\"position\":1,\"name\":\"Home\",\"item\":\"https:\\\/\\\/miramare.cultura.gov.it\\\/de\\\/\"},{\"@type\":\"ListItem\",\"position\":2,\"name\":\"Miramare Museum regelm\u00e4\u00dfig ge\u00f6ffnet vom 1. bis 4. November 2024\"}]},{\"@type\":\"WebSite\",\"@id\":\"https:\\\/\\\/miramare.cultura.gov.it\\\/#website\",\"url\":\"https:\\\/\\\/miramare.cultura.gov.it\\\/\",\"name\":\"Museo Storico e Il Parco del Castello di Miramare\",\"description\":\"Un luogo nobile e romatico tra arte, natura e bellezza.\",\"potentialAction\":[{\"@type\":\"SearchAction\",\"target\":{\"@type\":\"EntryPoint\",\"urlTemplate\":\"https:\\\/\\\/miramare.cultura.gov.it\\\/?s={search_term_string}\"},\"query-input\":{\"@type\":\"PropertyValueSpecification\",\"valueRequired\":true,\"valueName\":\"search_term_string\"}}],\"inLanguage\":\"de\"},{\"@type\":\"Person\",\"@id\":\"https:\\\/\\\/miramare.cultura.gov.it\\\/#\\\/schema\\\/person\\\/c108376ca4a46e1f0c1883ea8e0446c8\",\"name\":\"Irene Th\u00e9\",\"image\":{\"@type\":\"ImageObject\",\"inLanguage\":\"de\",\"@id\":\"https:\\\/\\\/secure.gravatar.com\\\/avatar\\\/5021168711c611352074e18f6b7606a9408d51ef9b6afff4154bea7af49fb80b?s=96&d=mm&r=g\",\"url\":\"https:\\\/\\\/secure.gravatar.com\\\/avatar\\\/5021168711c611352074e18f6b7606a9408d51ef9b6afff4154bea7af49fb80b?s=96&d=mm&r=g\",\"contentUrl\":\"https:\\\/\\\/secure.gravatar.com\\\/avatar\\\/5021168711c611352074e18f6b7606a9408d51ef9b6afff4154bea7af49fb80b?s=96&d=mm&r=g\",\"caption\":\"Irene Th\u00e9\"}}]}<\/script>\n<!-- \/ Yoast SEO plugin. -->","yoast_head_json":{"title":"Miramare Museum regelm\u00e4\u00dfig ge\u00f6ffnet vom 1. bis 4. November 2024 | Museo Storico e Il Parco del Castello di Miramare","description":"Miramare Museum regelm\u00e4\u00dfig ge\u00f6ffnet vom 1. bis 4. November 2024 | Museo Storico e Il Parco del Castello di Miramare | Un luogo nobile e romatico tra arte, natura e bellezza. | Am 1. November, anl\u00e4sslich von Allerheiligen, sind das Historische Museum und der Park des Schlosses von Miramare zu den \u00fcblichen Eintrittspreisen","robots":{"index":"index","follow":"follow","max-snippet":"max-snippet:-1","max-image-preview":"max-image-preview:large","max-video-preview":"max-video-preview:-1"},"canonical":"https:\/\/miramare.cultura.gov.it\/de\/museo-di-miramare-regolarmente-aperto-dal-1-al-4-novembre-2024\/","og_locale":"de_DE","og_type":"article","og_title":"Miramare Museum regelm\u00e4\u00dfig ge\u00f6ffnet vom 1. bis 4. November 2024 | Museo Storico e Il Parco del Castello di Miramare","og_description":"Miramare Museum regelm\u00e4\u00dfig ge\u00f6ffnet vom 1. bis 4. November 2024 | Museo Storico e Il Parco del Castello di Miramare | Un luogo nobile e romatico tra arte, natura e bellezza. | Am 1. November, anl\u00e4sslich von Allerheiligen, sind das Historische Museum und der Park des Schlosses von Miramare zu den \u00fcblichen Eintrittspreisen","og_url":"https:\/\/miramare.cultura.gov.it\/de\/museo-di-miramare-regolarmente-aperto-dal-1-al-4-novembre-2024\/","og_site_name":"Museo Storico e Il Parco del Castello di Miramare","article_published_time":"2024-10-26T10:13:21+00:00","article_modified_time":"2024-10-26T10:17:35+00:00","og_image":[{"width":2560,"height":1440,"url":"https:\/\/miramare.cultura.gov.it\/wp-content\/uploads\/2023\/08\/Castelletto13-scaled.jpg","type":"image\/jpeg"}],"author":"Irene Th\u00e9","twitter_card":"summary_large_image","twitter_misc":{"Verfasst von":"Irene Th\u00e9","Gesch\u00e4tzte Lesezeit":"1\u00a0Minute"},"schema":{"@context":"https:\/\/schema.org","@graph":[{"@type":"Article","@id":"https:\/\/miramare.cultura.gov.it\/de\/museo-di-miramare-regolarmente-aperto-dal-1-al-4-novembre-2024\/#article","isPartOf":{"@id":"https:\/\/miramare.cultura.gov.it\/de\/museo-di-miramare-regolarmente-aperto-dal-1-al-4-novembre-2024\/"},"author":{"name":"Irene Th\u00e9","@id":"https:\/\/miramare.cultura.gov.it\/#\/schema\/person\/c108376ca4a46e1f0c1883ea8e0446c8"},"headline":"Miramare Museum regelm\u00e4\u00dfig ge\u00f6ffnet vom 1. bis 4. November 2024","datePublished":"2024-10-26T10:13:21+00:00","dateModified":"2024-10-26T10:17:35+00:00","mainEntityOfPage":{"@id":"https:\/\/miramare.cultura.gov.it\/de\/museo-di-miramare-regolarmente-aperto-dal-1-al-4-novembre-2024\/"},"wordCount":87,"image":{"@id":"https:\/\/miramare.cultura.gov.it\/de\/museo-di-miramare-regolarmente-aperto-dal-1-al-4-novembre-2024\/#primaryimage"},"thumbnailUrl":"https:\/\/miramare.cultura.gov.it\/wp-content\/uploads\/2023\/08\/Castelletto13-scaled.jpg","articleSection":["Avvisi","News"],"inLanguage":"de"},{"@type":"WebPage","@id":"https:\/\/miramare.cultura.gov.it\/de\/museo-di-miramare-regolarmente-aperto-dal-1-al-4-novembre-2024\/","url":"https:\/\/miramare.cultura.gov.it\/de\/museo-di-miramare-regolarmente-aperto-dal-1-al-4-novembre-2024\/","name":"Miramare Museum regelm\u00e4\u00dfig ge\u00f6ffnet vom 1. bis 4. November 2024 | Museo Storico e Il Parco del Castello di Miramare","isPartOf":{"@id":"https:\/\/miramare.cultura.gov.it\/#website"},"primaryImageOfPage":{"@id":"https:\/\/miramare.cultura.gov.it\/de\/museo-di-miramare-regolarmente-aperto-dal-1-al-4-novembre-2024\/#primaryimage"},"image":{"@id":"https:\/\/miramare.cultura.gov.it\/de\/museo-di-miramare-regolarmente-aperto-dal-1-al-4-novembre-2024\/#primaryimage"},"thumbnailUrl":"https:\/\/miramare.cultura.gov.it\/wp-content\/uploads\/2023\/08\/Castelletto13-scaled.jpg","datePublished":"2024-10-26T10:13:21+00:00","dateModified":"2024-10-26T10:17:35+00:00","author":{"@id":"https:\/\/miramare.cultura.gov.it\/#\/schema\/person\/c108376ca4a46e1f0c1883ea8e0446c8"},"description":"Miramare Museum regelm\u00e4\u00dfig ge\u00f6ffnet vom 1. bis 4. November 2024 | Museo Storico e Il Parco del Castello di Miramare | Un luogo nobile e romatico tra arte, natura e bellezza. | Am 1. November, anl\u00e4sslich von Allerheiligen, sind das Historische Museum und der Park des Schlosses von Miramare zu den \u00fcblichen Eintrittspreisen","breadcrumb":{"@id":"https:\/\/miramare.cultura.gov.it\/de\/museo-di-miramare-regolarmente-aperto-dal-1-al-4-novembre-2024\/#breadcrumb"},"inLanguage":"de","potentialAction":[{"@type":"ReadAction","target":["https:\/\/miramare.cultura.gov.it\/de\/museo-di-miramare-regolarmente-aperto-dal-1-al-4-novembre-2024\/"]}]},{"@type":"ImageObject","inLanguage":"de","@id":"https:\/\/miramare.cultura.gov.it\/de\/museo-di-miramare-regolarmente-aperto-dal-1-al-4-novembre-2024\/#primaryimage","url":"https:\/\/miramare.cultura.gov.it\/wp-content\/uploads\/2023\/08\/Castelletto13-scaled.jpg","contentUrl":"https:\/\/miramare.cultura.gov.it\/wp-content\/uploads\/2023\/08\/Castelletto13-scaled.jpg","width":2560,"height":1440},{"@type":"BreadcrumbList","@id":"https:\/\/miramare.cultura.gov.it\/de\/museo-di-miramare-regolarmente-aperto-dal-1-al-4-novembre-2024\/#breadcrumb","itemListElement":[{"@type":"ListItem","position":1,"name":"Home","item":"https:\/\/miramare.cultura.gov.it\/de\/"},{"@type":"ListItem","position":2,"name":"Miramare Museum regelm\u00e4\u00dfig ge\u00f6ffnet vom 1. bis 4. November 2024"}]},{"@type":"WebSite","@id":"https:\/\/miramare.cultura.gov.it\/#website","url":"https:\/\/miramare.cultura.gov.it\/","name":"Museo Storico e Il Parco del Castello di Miramare","description":"Un luogo nobile e romatico tra arte, natura e bellezza.","potentialAction":[{"@type":"SearchAction","target":{"@type":"EntryPoint","urlTemplate":"https:\/\/miramare.cultura.gov.it\/?s={search_term_string}"},"query-input":{"@type":"PropertyValueSpecification","valueRequired":true,"valueName":"search_term_string"}}],"inLanguage":"de"},{"@type":"Person","@id":"https:\/\/miramare.cultura.gov.it\/#\/schema\/person\/c108376ca4a46e1f0c1883ea8e0446c8","name":"Irene Th\u00e9","image":{"@type":"ImageObject","inLanguage":"de","@id":"https:\/\/secure.gravatar.com\/avatar\/5021168711c611352074e18f6b7606a9408d51ef9b6afff4154bea7af49fb80b?s=96&d=mm&r=g","url":"https:\/\/secure.gravatar.com\/avatar\/5021168711c611352074e18f6b7606a9408d51ef9b6afff4154bea7af49fb80b?s=96&d=mm&r=g","contentUrl":"https:\/\/secure.gravatar.com\/avatar\/5021168711c611352074e18f6b7606a9408d51ef9b6afff4154bea7af49fb80b?s=96&d=mm&r=g","caption":"Irene Th\u00e9"}}]}},"_links":{"self":[{"href":"https:\/\/miramare.cultura.gov.it\/de\/wp-json\/wp\/v2\/posts\/21351","targetHints":{"allow":["GET"]}}],"collection":[{"href":"https:\/\/miramare.cultura.gov.it\/de\/wp-json\/wp\/v2\/posts"}],"about":[{"href":"https:\/\/miramare.cultura.gov.it\/de\/wp-json\/wp\/v2\/types\/post"}],"author":[{"embeddable":true,"href":"https:\/\/miramare.cultura.gov.it\/de\/wp-json\/wp\/v2\/users\/6"}],"replies":[{"embeddable":true,"href":"https:\/\/miramare.cultura.gov.it\/de\/wp-json\/wp\/v2\/comments?post=21351"}],"version-history":[{"count":1,"href":"https:\/\/miramare.cultura.gov.it\/de\/wp-json\/wp\/v2\/posts\/21351\/revisions"}],"predecessor-version":[{"id":21353,"href":"https:\/\/miramare.cultura.gov.it\/de\/wp-json\/wp\/v2\/posts\/21351\/revisions\/21353"}],"wp:featuredmedia":[{"embeddable":true,"href":"https:\/\/miramare.cultura.gov.it\/de\/wp-json\/wp\/v2\/media\/16798"}],"wp:attachment":[{"href":"https:\/\/miramare.cultura.gov.it\/de\/wp-json\/wp\/v2\/media?parent=21351"}],"wp:term":[{"taxonomy":"category","embeddable":true,"href":"https:\/\/miramare.cultura.gov.it\/de\/wp-json\/wp\/v2\/categories?post=21351"},{"taxonomy":"post_tag","embeddable":true,"href":"https:\/\/miramare.cultura.gov.it\/de\/wp-json\/wp\/v2\/tags?post=21351"}],"curies":[{"name":"wp","href":"https:\/\/api.w.org\/{rel}","templated":true}]}}