{"id":24164,"date":"2025-09-12T11:34:57","date_gmt":"2025-09-12T09:34:57","guid":{"rendered":"https:\/\/miramare.cultura.gov.it\/interdizione-temporanea-area-parcheggio-martedi-16-settembre\/"},"modified":"2025-09-12T11:40:41","modified_gmt":"2025-09-12T09:40:41","slug":"interdizione-temporanea-area-parcheggio-martedi-16-settembre","status":"publish","type":"post","link":"https:\/\/miramare.cultura.gov.it\/de\/interdizione-temporanea-area-parcheggio-martedi-16-settembre\/","title":{"rendered":"VOR\u00dcBERGEHENDES PARKVERBOT AM DIENSTAG, 16. SEPTEMBER"},"content":{"rendered":"<p>Am Dienstag, 16. September, wird von 7:30 bis 13:00 Uhr eine H\u00f6henvermessung am Hang zwischen Porta della Bora und die Stallungen durchgef\u00fchrt, um die Stabilit\u00e4t zu \u00fcberpr\u00fcfen.<br \/>\nAus Sicherheitsgr\u00fcnden muss der gesamte darunter liegende Parkplatzbereich f\u00fcr die Dauer der Arbeiten gesperrt werden.<br \/>\nNach Abschluss der Arbeiten steht der Bereich wieder f\u00fcr die normale Nutzung zur Verf\u00fcgung.<\/p>\n<p>Wir entschuldigen uns f\u00fcr die Unannehmlichkeiten.<\/p>\n","protected":false},"excerpt":{"rendered":"<p>Am Dienstag, 16. September, wird von 7:30 bis 13:00 Uhr eine H\u00f6henvermessung am Hang zwischen Porta della Bora und die Stallungen durchgef\u00fchrt, um die Stabilit\u00e4t zu \u00fcberpr\u00fcfen. Aus Sicherheitsgr\u00fcnden muss der gesamte darunter liegende Parkplatzbereich f\u00fcr die Dauer der Arbeiten gesperrt werden. Nach Abschluss der Arbeiten steht der Bereich wieder f\u00fcr die normale Nutzung zur [&hellip;]<\/p>\n","protected":false},"author":6,"featured_media":24161,"comment_status":"closed","ping_status":"closed","sticky":false,"template":"","format":"standard","meta":{"_et_pb_use_builder":"","_et_pb_old_content":"","_et_gb_content_width":"","footnotes":""},"categories":[78,85],"tags":[],"class_list":["post-24164","post","type-post","status-publish","format-standard","has-post-thumbnail","hentry","category-avvisi-de","category-news-de"],"yoast_head":"<!-- This site is optimized with the Yoast SEO plugin v27.4 - https:\/\/yoast.com\/product\/yoast-seo-wordpress\/ -->\n<title>VOR\u00dcBERGEHENDES PARKVERBOT AM DIENSTAG, 16. SEPTEMBER | Museo Storico e Il Parco del Castello di Miramare<\/title>\n<meta name=\"description\" content=\"VOR\u00dcBERGEHENDES PARKVERBOT AM DIENSTAG, 16. SEPTEMBER | Museo Storico e Il Parco del Castello di Miramare | Un luogo nobile e romatico tra arte, natura e bellezza. | Am Dienstag, 16. September, wird von 7:30 bis 13:00 Uhr eine H\u00f6henvermessung am Hang zwischen Porta della Bora und die Stallungen durchgef\u00fchrt, um die\" \/>\n<meta name=\"robots\" content=\"index, follow, max-snippet:-1, max-image-preview:large, max-video-preview:-1\" \/>\n<link rel=\"canonical\" href=\"https:\/\/miramare.cultura.gov.it\/de\/interdizione-temporanea-area-parcheggio-martedi-16-settembre\/\" \/>\n<meta property=\"og:locale\" content=\"de_DE\" \/>\n<meta property=\"og:type\" content=\"article\" \/>\n<meta property=\"og:title\" content=\"VOR\u00dcBERGEHENDES PARKVERBOT AM DIENSTAG, 16. SEPTEMBER | Museo Storico e Il Parco del Castello di Miramare\" \/>\n<meta property=\"og:description\" content=\"VOR\u00dcBERGEHENDES PARKVERBOT AM DIENSTAG, 16. SEPTEMBER | Museo Storico e Il Parco del Castello di Miramare | Un luogo nobile e romatico tra arte, natura e bellezza. | Am Dienstag, 16. September, wird von 7:30 bis 13:00 Uhr eine H\u00f6henvermessung am Hang zwischen Porta della Bora und die Stallungen durchgef\u00fchrt, um die\" \/>\n<meta property=\"og:url\" content=\"https:\/\/miramare.cultura.gov.it\/de\/interdizione-temporanea-area-parcheggio-martedi-16-settembre\/\" \/>\n<meta property=\"og:site_name\" content=\"Museo Storico e Il Parco del Castello di Miramare\" \/>\n<meta property=\"article:published_time\" content=\"2025-09-12T09:34:57+00:00\" \/>\n<meta property=\"article:modified_time\" content=\"2025-09-12T09:40:41+00:00\" \/>\n<meta property=\"og:image\" content=\"https:\/\/miramare.cultura.gov.it\/wp-content\/uploads\/2025\/09\/foto-di-F.Parenzan-147-scaled.jpg\" \/>\n\t<meta property=\"og:image:width\" content=\"2560\" \/>\n\t<meta property=\"og:image:height\" content=\"1707\" \/>\n\t<meta property=\"og:image:type\" content=\"image\/jpeg\" \/>\n<meta name=\"author\" content=\"Irene Th\u00e9\" \/>\n<meta name=\"twitter:card\" content=\"summary_large_image\" \/>\n<meta name=\"twitter:label1\" content=\"Verfasst von\" \/>\n\t<meta name=\"twitter:data1\" content=\"Irene Th\u00e9\" \/>\n\t<meta name=\"twitter:label2\" content=\"Gesch\u00e4tzte Lesezeit\" \/>\n\t<meta name=\"twitter:data2\" content=\"1\u00a0Minute\" \/>\n<script type=\"application\/ld+json\" class=\"yoast-schema-graph\">{\"@context\":\"https:\\\/\\\/schema.org\",\"@graph\":[{\"@type\":\"Article\",\"@id\":\"https:\\\/\\\/miramare.cultura.gov.it\\\/de\\\/interdizione-temporanea-area-parcheggio-martedi-16-settembre\\\/#article\",\"isPartOf\":{\"@id\":\"https:\\\/\\\/miramare.cultura.gov.it\\\/de\\\/interdizione-temporanea-area-parcheggio-martedi-16-settembre\\\/\"},\"author\":{\"name\":\"Irene Th\u00e9\",\"@id\":\"https:\\\/\\\/miramare.cultura.gov.it\\\/#\\\/schema\\\/person\\\/c108376ca4a46e1f0c1883ea8e0446c8\"},\"headline\":\"VOR\u00dcBERGEHENDES PARKVERBOT AM DIENSTAG, 16. SEPTEMBER\",\"datePublished\":\"2025-09-12T09:34:57+00:00\",\"dateModified\":\"2025-09-12T09:40:41+00:00\",\"mainEntityOfPage\":{\"@id\":\"https:\\\/\\\/miramare.cultura.gov.it\\\/de\\\/interdizione-temporanea-area-parcheggio-martedi-16-settembre\\\/\"},\"wordCount\":74,\"image\":{\"@id\":\"https:\\\/\\\/miramare.cultura.gov.it\\\/de\\\/interdizione-temporanea-area-parcheggio-martedi-16-settembre\\\/#primaryimage\"},\"thumbnailUrl\":\"https:\\\/\\\/miramare.cultura.gov.it\\\/wp-content\\\/uploads\\\/2025\\\/09\\\/foto-di-F.Parenzan-147-scaled.jpg\",\"articleSection\":[\"Avvisi\",\"News\"],\"inLanguage\":\"de\"},{\"@type\":\"WebPage\",\"@id\":\"https:\\\/\\\/miramare.cultura.gov.it\\\/de\\\/interdizione-temporanea-area-parcheggio-martedi-16-settembre\\\/\",\"url\":\"https:\\\/\\\/miramare.cultura.gov.it\\\/de\\\/interdizione-temporanea-area-parcheggio-martedi-16-settembre\\\/\",\"name\":\"VOR\u00dcBERGEHENDES PARKVERBOT AM DIENSTAG, 16. SEPTEMBER | Museo Storico e Il Parco del Castello di Miramare\",\"isPartOf\":{\"@id\":\"https:\\\/\\\/miramare.cultura.gov.it\\\/#website\"},\"primaryImageOfPage\":{\"@id\":\"https:\\\/\\\/miramare.cultura.gov.it\\\/de\\\/interdizione-temporanea-area-parcheggio-martedi-16-settembre\\\/#primaryimage\"},\"image\":{\"@id\":\"https:\\\/\\\/miramare.cultura.gov.it\\\/de\\\/interdizione-temporanea-area-parcheggio-martedi-16-settembre\\\/#primaryimage\"},\"thumbnailUrl\":\"https:\\\/\\\/miramare.cultura.gov.it\\\/wp-content\\\/uploads\\\/2025\\\/09\\\/foto-di-F.Parenzan-147-scaled.jpg\",\"datePublished\":\"2025-09-12T09:34:57+00:00\",\"dateModified\":\"2025-09-12T09:40:41+00:00\",\"author\":{\"@id\":\"https:\\\/\\\/miramare.cultura.gov.it\\\/#\\\/schema\\\/person\\\/c108376ca4a46e1f0c1883ea8e0446c8\"},\"description\":\"VOR\u00dcBERGEHENDES PARKVERBOT AM DIENSTAG, 16. SEPTEMBER | Museo Storico e Il Parco del Castello di Miramare | Un luogo nobile e romatico tra arte, natura e bellezza. | Am Dienstag, 16. September, wird von 7:30 bis 13:00 Uhr eine H\u00f6henvermessung am Hang zwischen Porta della Bora und die Stallungen durchgef\u00fchrt, um die\",\"breadcrumb\":{\"@id\":\"https:\\\/\\\/miramare.cultura.gov.it\\\/de\\\/interdizione-temporanea-area-parcheggio-martedi-16-settembre\\\/#breadcrumb\"},\"inLanguage\":\"de\",\"potentialAction\":[{\"@type\":\"ReadAction\",\"target\":[\"https:\\\/\\\/miramare.cultura.gov.it\\\/de\\\/interdizione-temporanea-area-parcheggio-martedi-16-settembre\\\/\"]}]},{\"@type\":\"ImageObject\",\"inLanguage\":\"de\",\"@id\":\"https:\\\/\\\/miramare.cultura.gov.it\\\/de\\\/interdizione-temporanea-area-parcheggio-martedi-16-settembre\\\/#primaryimage\",\"url\":\"https:\\\/\\\/miramare.cultura.gov.it\\\/wp-content\\\/uploads\\\/2025\\\/09\\\/foto-di-F.Parenzan-147-scaled.jpg\",\"contentUrl\":\"https:\\\/\\\/miramare.cultura.gov.it\\\/wp-content\\\/uploads\\\/2025\\\/09\\\/foto-di-F.Parenzan-147-scaled.jpg\",\"width\":2560,\"height\":1707},{\"@type\":\"BreadcrumbList\",\"@id\":\"https:\\\/\\\/miramare.cultura.gov.it\\\/de\\\/interdizione-temporanea-area-parcheggio-martedi-16-settembre\\\/#breadcrumb\",\"itemListElement\":[{\"@type\":\"ListItem\",\"position\":1,\"name\":\"Home\",\"item\":\"https:\\\/\\\/miramare.cultura.gov.it\\\/de\\\/\"},{\"@type\":\"ListItem\",\"position\":2,\"name\":\"VOR\u00dcBERGEHENDES PARKVERBOT AM DIENSTAG, 16. SEPTEMBER\"}]},{\"@type\":\"WebSite\",\"@id\":\"https:\\\/\\\/miramare.cultura.gov.it\\\/#website\",\"url\":\"https:\\\/\\\/miramare.cultura.gov.it\\\/\",\"name\":\"Museo Storico e Il Parco del Castello di Miramare\",\"description\":\"Un luogo nobile e romatico tra arte, natura e bellezza.\",\"potentialAction\":[{\"@type\":\"SearchAction\",\"target\":{\"@type\":\"EntryPoint\",\"urlTemplate\":\"https:\\\/\\\/miramare.cultura.gov.it\\\/?s={search_term_string}\"},\"query-input\":{\"@type\":\"PropertyValueSpecification\",\"valueRequired\":true,\"valueName\":\"search_term_string\"}}],\"inLanguage\":\"de\"},{\"@type\":\"Person\",\"@id\":\"https:\\\/\\\/miramare.cultura.gov.it\\\/#\\\/schema\\\/person\\\/c108376ca4a46e1f0c1883ea8e0446c8\",\"name\":\"Irene Th\u00e9\",\"image\":{\"@type\":\"ImageObject\",\"inLanguage\":\"de\",\"@id\":\"https:\\\/\\\/secure.gravatar.com\\\/avatar\\\/5021168711c611352074e18f6b7606a9408d51ef9b6afff4154bea7af49fb80b?s=96&d=mm&r=g\",\"url\":\"https:\\\/\\\/secure.gravatar.com\\\/avatar\\\/5021168711c611352074e18f6b7606a9408d51ef9b6afff4154bea7af49fb80b?s=96&d=mm&r=g\",\"contentUrl\":\"https:\\\/\\\/secure.gravatar.com\\\/avatar\\\/5021168711c611352074e18f6b7606a9408d51ef9b6afff4154bea7af49fb80b?s=96&d=mm&r=g\",\"caption\":\"Irene Th\u00e9\"}}]}<\/script>\n<!-- \/ Yoast SEO plugin. -->","yoast_head_json":{"title":"VOR\u00dcBERGEHENDES PARKVERBOT AM DIENSTAG, 16. SEPTEMBER | Museo Storico e Il Parco del Castello di Miramare","description":"VOR\u00dcBERGEHENDES PARKVERBOT AM DIENSTAG, 16. SEPTEMBER | Museo Storico e Il Parco del Castello di Miramare | Un luogo nobile e romatico tra arte, natura e bellezza. | Am Dienstag, 16. September, wird von 7:30 bis 13:00 Uhr eine H\u00f6henvermessung am Hang zwischen Porta della Bora und die Stallungen durchgef\u00fchrt, um die","robots":{"index":"index","follow":"follow","max-snippet":"max-snippet:-1","max-image-preview":"max-image-preview:large","max-video-preview":"max-video-preview:-1"},"canonical":"https:\/\/miramare.cultura.gov.it\/de\/interdizione-temporanea-area-parcheggio-martedi-16-settembre\/","og_locale":"de_DE","og_type":"article","og_title":"VOR\u00dcBERGEHENDES PARKVERBOT AM DIENSTAG, 16. SEPTEMBER | Museo Storico e Il Parco del Castello di Miramare","og_description":"VOR\u00dcBERGEHENDES PARKVERBOT AM DIENSTAG, 16. SEPTEMBER | Museo Storico e Il Parco del Castello di Miramare | Un luogo nobile e romatico tra arte, natura e bellezza. | Am Dienstag, 16. September, wird von 7:30 bis 13:00 Uhr eine H\u00f6henvermessung am Hang zwischen Porta della Bora und die Stallungen durchgef\u00fchrt, um die","og_url":"https:\/\/miramare.cultura.gov.it\/de\/interdizione-temporanea-area-parcheggio-martedi-16-settembre\/","og_site_name":"Museo Storico e Il Parco del Castello di Miramare","article_published_time":"2025-09-12T09:34:57+00:00","article_modified_time":"2025-09-12T09:40:41+00:00","og_image":[{"width":2560,"height":1707,"url":"https:\/\/miramare.cultura.gov.it\/wp-content\/uploads\/2025\/09\/foto-di-F.Parenzan-147-scaled.jpg","type":"image\/jpeg"}],"author":"Irene Th\u00e9","twitter_card":"summary_large_image","twitter_misc":{"Verfasst von":"Irene Th\u00e9","Gesch\u00e4tzte Lesezeit":"1\u00a0Minute"},"schema":{"@context":"https:\/\/schema.org","@graph":[{"@type":"Article","@id":"https:\/\/miramare.cultura.gov.it\/de\/interdizione-temporanea-area-parcheggio-martedi-16-settembre\/#article","isPartOf":{"@id":"https:\/\/miramare.cultura.gov.it\/de\/interdizione-temporanea-area-parcheggio-martedi-16-settembre\/"},"author":{"name":"Irene Th\u00e9","@id":"https:\/\/miramare.cultura.gov.it\/#\/schema\/person\/c108376ca4a46e1f0c1883ea8e0446c8"},"headline":"VOR\u00dcBERGEHENDES PARKVERBOT AM DIENSTAG, 16. SEPTEMBER","datePublished":"2025-09-12T09:34:57+00:00","dateModified":"2025-09-12T09:40:41+00:00","mainEntityOfPage":{"@id":"https:\/\/miramare.cultura.gov.it\/de\/interdizione-temporanea-area-parcheggio-martedi-16-settembre\/"},"wordCount":74,"image":{"@id":"https:\/\/miramare.cultura.gov.it\/de\/interdizione-temporanea-area-parcheggio-martedi-16-settembre\/#primaryimage"},"thumbnailUrl":"https:\/\/miramare.cultura.gov.it\/wp-content\/uploads\/2025\/09\/foto-di-F.Parenzan-147-scaled.jpg","articleSection":["Avvisi","News"],"inLanguage":"de"},{"@type":"WebPage","@id":"https:\/\/miramare.cultura.gov.it\/de\/interdizione-temporanea-area-parcheggio-martedi-16-settembre\/","url":"https:\/\/miramare.cultura.gov.it\/de\/interdizione-temporanea-area-parcheggio-martedi-16-settembre\/","name":"VOR\u00dcBERGEHENDES PARKVERBOT AM DIENSTAG, 16. SEPTEMBER | Museo Storico e Il Parco del Castello di Miramare","isPartOf":{"@id":"https:\/\/miramare.cultura.gov.it\/#website"},"primaryImageOfPage":{"@id":"https:\/\/miramare.cultura.gov.it\/de\/interdizione-temporanea-area-parcheggio-martedi-16-settembre\/#primaryimage"},"image":{"@id":"https:\/\/miramare.cultura.gov.it\/de\/interdizione-temporanea-area-parcheggio-martedi-16-settembre\/#primaryimage"},"thumbnailUrl":"https:\/\/miramare.cultura.gov.it\/wp-content\/uploads\/2025\/09\/foto-di-F.Parenzan-147-scaled.jpg","datePublished":"2025-09-12T09:34:57+00:00","dateModified":"2025-09-12T09:40:41+00:00","author":{"@id":"https:\/\/miramare.cultura.gov.it\/#\/schema\/person\/c108376ca4a46e1f0c1883ea8e0446c8"},"description":"VOR\u00dcBERGEHENDES PARKVERBOT AM DIENSTAG, 16. SEPTEMBER | Museo Storico e Il Parco del Castello di Miramare | Un luogo nobile e romatico tra arte, natura e bellezza. | Am Dienstag, 16. September, wird von 7:30 bis 13:00 Uhr eine H\u00f6henvermessung am Hang zwischen Porta della Bora und die Stallungen durchgef\u00fchrt, um die","breadcrumb":{"@id":"https:\/\/miramare.cultura.gov.it\/de\/interdizione-temporanea-area-parcheggio-martedi-16-settembre\/#breadcrumb"},"inLanguage":"de","potentialAction":[{"@type":"ReadAction","target":["https:\/\/miramare.cultura.gov.it\/de\/interdizione-temporanea-area-parcheggio-martedi-16-settembre\/"]}]},{"@type":"ImageObject","inLanguage":"de","@id":"https:\/\/miramare.cultura.gov.it\/de\/interdizione-temporanea-area-parcheggio-martedi-16-settembre\/#primaryimage","url":"https:\/\/miramare.cultura.gov.it\/wp-content\/uploads\/2025\/09\/foto-di-F.Parenzan-147-scaled.jpg","contentUrl":"https:\/\/miramare.cultura.gov.it\/wp-content\/uploads\/2025\/09\/foto-di-F.Parenzan-147-scaled.jpg","width":2560,"height":1707},{"@type":"BreadcrumbList","@id":"https:\/\/miramare.cultura.gov.it\/de\/interdizione-temporanea-area-parcheggio-martedi-16-settembre\/#breadcrumb","itemListElement":[{"@type":"ListItem","position":1,"name":"Home","item":"https:\/\/miramare.cultura.gov.it\/de\/"},{"@type":"ListItem","position":2,"name":"VOR\u00dcBERGEHENDES PARKVERBOT AM DIENSTAG, 16. SEPTEMBER"}]},{"@type":"WebSite","@id":"https:\/\/miramare.cultura.gov.it\/#website","url":"https:\/\/miramare.cultura.gov.it\/","name":"Museo Storico e Il Parco del Castello di Miramare","description":"Un luogo nobile e romatico tra arte, natura e bellezza.","potentialAction":[{"@type":"SearchAction","target":{"@type":"EntryPoint","urlTemplate":"https:\/\/miramare.cultura.gov.it\/?s={search_term_string}"},"query-input":{"@type":"PropertyValueSpecification","valueRequired":true,"valueName":"search_term_string"}}],"inLanguage":"de"},{"@type":"Person","@id":"https:\/\/miramare.cultura.gov.it\/#\/schema\/person\/c108376ca4a46e1f0c1883ea8e0446c8","name":"Irene Th\u00e9","image":{"@type":"ImageObject","inLanguage":"de","@id":"https:\/\/secure.gravatar.com\/avatar\/5021168711c611352074e18f6b7606a9408d51ef9b6afff4154bea7af49fb80b?s=96&d=mm&r=g","url":"https:\/\/secure.gravatar.com\/avatar\/5021168711c611352074e18f6b7606a9408d51ef9b6afff4154bea7af49fb80b?s=96&d=mm&r=g","contentUrl":"https:\/\/secure.gravatar.com\/avatar\/5021168711c611352074e18f6b7606a9408d51ef9b6afff4154bea7af49fb80b?s=96&d=mm&r=g","caption":"Irene Th\u00e9"}}]}},"_links":{"self":[{"href":"https:\/\/miramare.cultura.gov.it\/de\/wp-json\/wp\/v2\/posts\/24164","targetHints":{"allow":["GET"]}}],"collection":[{"href":"https:\/\/miramare.cultura.gov.it\/de\/wp-json\/wp\/v2\/posts"}],"about":[{"href":"https:\/\/miramare.cultura.gov.it\/de\/wp-json\/wp\/v2\/types\/post"}],"author":[{"embeddable":true,"href":"https:\/\/miramare.cultura.gov.it\/de\/wp-json\/wp\/v2\/users\/6"}],"replies":[{"embeddable":true,"href":"https:\/\/miramare.cultura.gov.it\/de\/wp-json\/wp\/v2\/comments?post=24164"}],"version-history":[{"count":2,"href":"https:\/\/miramare.cultura.gov.it\/de\/wp-json\/wp\/v2\/posts\/24164\/revisions"}],"predecessor-version":[{"id":24170,"href":"https:\/\/miramare.cultura.gov.it\/de\/wp-json\/wp\/v2\/posts\/24164\/revisions\/24170"}],"wp:featuredmedia":[{"embeddable":true,"href":"https:\/\/miramare.cultura.gov.it\/de\/wp-json\/wp\/v2\/media\/24161"}],"wp:attachment":[{"href":"https:\/\/miramare.cultura.gov.it\/de\/wp-json\/wp\/v2\/media?parent=24164"}],"wp:term":[{"taxonomy":"category","embeddable":true,"href":"https:\/\/miramare.cultura.gov.it\/de\/wp-json\/wp\/v2\/categories?post=24164"},{"taxonomy":"post_tag","embeddable":true,"href":"https:\/\/miramare.cultura.gov.it\/de\/wp-json\/wp\/v2\/tags?post=24164"}],"curies":[{"name":"wp","href":"https:\/\/api.w.org\/{rel}","templated":true}]}}